{"id":98,"date":"2005-12-30T18:26:30","date_gmt":"2005-12-30T17:26:30","guid":{"rendered":"http:\/\/tv-tregor.com\/web-precedent\/2005\/12\/30\/circo-nuestro-de-souffle-a-oreilles-705\/"},"modified":"2005-12-30T18:26:30","modified_gmt":"2005-12-30T17:26:30","slug":"circo-nuestro-de-souffle-a-oreilles-705","status":"publish","type":"post","link":"https:\/\/tv-tregor.com\/web-precedent\/2005\/12\/30\/circo-nuestro-de-souffle-a-oreilles-705\/","title":{"rendered":"Circo Nuestro, de souffle \u00e0 oreilles &#8211; 7&rsquo;05"},"content":{"rendered":"<p><a href=\"https:\/\/tv-tregor.com\/web-precedent\/www\/streams\/circo2.html\" title=\"Regarder le sujet\">Regarder la vid\u00e9o <\/a><\/p>\n<p><a href=\"http:\/\/www.tv-tregor.com\/web-precedent\/www\/streams\/circo2.html\" title=\"Regarder le sujet\"><img decoding=\"async\" src=\"https:\/\/tv-tregor.com\/web-precedent\/IMG\/jpg\/nuestro250.jpg\" alt=\"nuestro250.jpg\" align=\"center\" \/><\/a> <\/p>\n<p>   Circo Nuestro, \u00ab\u00a0notre cirque\u00a0\u00bb, est une toute jeune formation d&rsquo;artistes passionn\u00e9s par l&rsquo;art du cirque. Invit\u00e9s par l&rsquo;association des commer\u00e7ants de Penv\u00e9nan, ils ont plant\u00e9 leur chapiteau derri\u00e8re la mairie. Sous le chapiteau, Nathalie, Nolwen, Fonfek, Baptiste et Toma, ainsi que Mowgli, Lilo, Django et Oman, jouent avec la po\u00e9sie naturel du cheval. Pour les f\u00eates de fin d&rsquo;ann\u00e9e, pourquoi ne pas se d\u00e9payser sous une toile ? <\/p>\n","protected":false},"excerpt":{"rendered":"<p><a href=\"https:\/\/tv-tregor.com\/web-precedent\/www\/streams\/circo2.html\" title=\"Regarder le sujet\">Regarder la vid\u00e9o <\/a><\/p>\n<p><a href=\"http:\/\/www.tv-tregor.com\/web-precedent\/www\/streams\/circo2.html\" title=\"Regarder le sujet\"><img decoding=\"async\" src=\"https:\/\/tv-tregor.com\/web-precedent\/IMG\/jpg\/nuestro250.jpg\" alt=\"nuestro250.jpg\" align=\"center\" \/><\/a> <\/p>\n<p> Circo Nuestro, \u00ab\u00a0notre cirque\u00a0\u00bb, est une toute jeune formation d&rsquo;artistes passionn\u00e9s par l&rsquo;art du cirque. Invit\u00e9s par l&rsquo;association des commer\u00e7ants  \u2026  <a href=\"https:\/\/tv-tregor.com\/web-precedent\/2005\/12\/30\/circo-nuestro-de-souffle-a-oreilles-705\/\">&#8230;lire le sujet&#8230; <span class=\"meta-nav\">&rarr; <\/span><\/a><\/p>\n","protected":false},"author":1,"featured_media":0,"comment_status":"open","ping_status":"open","sticky":false,"template":"","format":"standard","meta":{"footnotes":""},"categories":[14],"tags":[],"class_list":["post-98","post","type-post","status-publish","format-standard","hentry","category-culture"],"_links":{"self":[{"href":"https:\/\/tv-tregor.com\/web-precedent\/wp-json\/wp\/v2\/posts\/98","targetHints":{"allow":["GET"]}}],"collection":[{"href":"https:\/\/tv-tregor.com\/web-precedent\/wp-json\/wp\/v2\/posts"}],"about":[{"href":"https:\/\/tv-tregor.com\/web-precedent\/wp-json\/wp\/v2\/types\/post"}],"author":[{"embeddable":true,"href":"https:\/\/tv-tregor.com\/web-precedent\/wp-json\/wp\/v2\/users\/1"}],"replies":[{"embeddable":true,"href":"https:\/\/tv-tregor.com\/web-precedent\/wp-json\/wp\/v2\/comments?post=98"}],"version-history":[{"count":0,"href":"https:\/\/tv-tregor.com\/web-precedent\/wp-json\/wp\/v2\/posts\/98\/revisions"}],"wp:attachment":[{"href":"https:\/\/tv-tregor.com\/web-precedent\/wp-json\/wp\/v2\/media?parent=98"}],"wp:term":[{"taxonomy":"category","embeddable":true,"href":"https:\/\/tv-tregor.com\/web-precedent\/wp-json\/wp\/v2\/categories?post=98"},{"taxonomy":"post_tag","embeddable":true,"href":"https:\/\/tv-tregor.com\/web-precedent\/wp-json\/wp\/v2\/tags?post=98"}],"curies":[{"name":"wp","href":"https:\/\/api.w.org\/{rel}","templated":true}]}}