{"id":96,"date":"2005-12-14T23:01:13","date_gmt":"2005-12-14T22:01:13","guid":{"rendered":"http:\/\/tv-tregor.com\/web-precedent\/2005\/12\/14\/un-toit-pour-les-sans-abris-621\/"},"modified":"2005-12-14T23:01:13","modified_gmt":"2005-12-14T22:01:13","slug":"un-toit-pour-les-sans-abris-621","status":"publish","type":"post","link":"https:\/\/tv-tregor.com\/web-precedent\/2005\/12\/14\/un-toit-pour-les-sans-abris-621\/","title":{"rendered":"Un toit pour les sans-abris &#8211; 6&rsquo;21"},"content":{"rendered":"<p><a href=\"https:\/\/tv-tregor.com\/web-precedent\/www\/streams\/sdf.html\" title=\"Regarder le sujet\">Regarder la vid\u00e9o <\/a><\/p>\n<p><a href=\"http:\/\/www.tv-tregor.com\/web-precedent\/www\/streams\/sdf.html\" title=\"Regarder le sujet\"><img decoding=\"async\" src=\"https:\/\/tv-tregor.com\/web-precedent\/IMG\/jpg\/image250.jpg\" alt=\"image250.jpg\" align=\"center\" \/><\/a> <\/p>\n<p>   Le plan grand froid a \u00e9t\u00e9 d\u00e9clench\u00e9 par la Pr\u00e9fecture des C\u00f4tes-d&rsquo;Armor. La question de l&rsquo;h\u00e9bergement d&rsquo;urgence des sans-abris lannionnais se pose. Sur l&rsquo;agglom\u00e9ration plusieurs associations prennent le relais quand les temp\u00e9ratures s&rsquo;\u00e9ffondrent : Un travail a plein temps souvent effectu\u00e9 par des b\u00e9n\u00e9voles.<\/p>\n","protected":false},"excerpt":{"rendered":"<p><a href=\"https:\/\/tv-tregor.com\/web-precedent\/www\/streams\/sdf.html\" title=\"Regarder le sujet\">Regarder la vid\u00e9o <\/a><\/p>\n<p><a href=\"http:\/\/www.tv-tregor.com\/web-precedent\/www\/streams\/sdf.html\" title=\"Regarder le sujet\"><img decoding=\"async\" src=\"https:\/\/tv-tregor.com\/web-precedent\/IMG\/jpg\/image250.jpg\" alt=\"image250.jpg\" align=\"center\" \/><\/a> <\/p>\n<p> Le plan grand froid a \u00e9t\u00e9 d\u00e9clench\u00e9 par la Pr\u00e9fecture des C\u00f4tes-d&rsquo;Armor. La question de l&rsquo;h\u00e9bergement d&rsquo;urgence des sans-abris lannionnais  \u2026  <a href=\"https:\/\/tv-tregor.com\/web-precedent\/2005\/12\/14\/un-toit-pour-les-sans-abris-621\/\">&#8230;lire le sujet&#8230; <span class=\"meta-nav\">&rarr; <\/span><\/a><\/p>\n","protected":false},"author":1,"featured_media":0,"comment_status":"open","ping_status":"open","sticky":false,"template":"","format":"standard","meta":{"footnotes":""},"categories":[2],"tags":[],"class_list":["post-96","post","type-post","status-publish","format-standard","hentry","category-info-locale"],"_links":{"self":[{"href":"https:\/\/tv-tregor.com\/web-precedent\/wp-json\/wp\/v2\/posts\/96","targetHints":{"allow":["GET"]}}],"collection":[{"href":"https:\/\/tv-tregor.com\/web-precedent\/wp-json\/wp\/v2\/posts"}],"about":[{"href":"https:\/\/tv-tregor.com\/web-precedent\/wp-json\/wp\/v2\/types\/post"}],"author":[{"embeddable":true,"href":"https:\/\/tv-tregor.com\/web-precedent\/wp-json\/wp\/v2\/users\/1"}],"replies":[{"embeddable":true,"href":"https:\/\/tv-tregor.com\/web-precedent\/wp-json\/wp\/v2\/comments?post=96"}],"version-history":[{"count":0,"href":"https:\/\/tv-tregor.com\/web-precedent\/wp-json\/wp\/v2\/posts\/96\/revisions"}],"wp:attachment":[{"href":"https:\/\/tv-tregor.com\/web-precedent\/wp-json\/wp\/v2\/media?parent=96"}],"wp:term":[{"taxonomy":"category","embeddable":true,"href":"https:\/\/tv-tregor.com\/web-precedent\/wp-json\/wp\/v2\/categories?post=96"},{"taxonomy":"post_tag","embeddable":true,"href":"https:\/\/tv-tregor.com\/web-precedent\/wp-json\/wp\/v2\/tags?post=96"}],"curies":[{"name":"wp","href":"https:\/\/api.w.org\/{rel}","templated":true}]}}