{"id":83,"date":"2005-11-09T09:42:59","date_gmt":"2005-11-09T08:42:59","guid":{"rendered":"http:\/\/tv-tregor.com\/web-precedent\/2005\/11\/09\/notre-federation-nationale-des-videos-des-pays-et-des-quartiers\/"},"modified":"2024-07-27T18:40:16","modified_gmt":"2024-07-27T17:40:16","slug":"notre-federation-nationale-des-videos-des-pays-et-des-quartiers","status":"publish","type":"post","link":"https:\/\/tv-tregor.com\/web-precedent\/2005\/11\/09\/notre-federation-nationale-des-videos-des-pays-et-des-quartiers\/","title":{"rendered":"Notre F\u00e9d\u00e9ration nationale des Vid\u00e9os des Pays et des Quartiers"},"content":{"rendered":"<\/p>\n<p><strong>La F\u00e9d\u00e9ration Nationale des Vid\u00e9os de Pays et de Quartiers<\/strong>  La F\u00e9d\u00e9ration regroupe 25 t\u00e9l\u00e9visions associatives locales. Elle existe depuis 1986. C&rsquo;est un r\u00e9seau d&rsquo;\u00e9change entre les adh\u00e9rents, \u00e9changes d&rsquo;informations, de comp\u00e9tences, d&rsquo;exp\u00e9riences&#8230; La F\u00e9d\u00e9ration m\u00e8ne aussi des combats pour faire reconna\u00eetre la place des t\u00e9l\u00e9visions locales, au niveau national, international, et aussi local.  Incontournable ! <a href=\"http:\/\/vdpq.free.fr\/site_VDPQ\/accueil.htm\">http:\/\/vdpq.free.fr\/site_VDPQ\/accueil.htm<\/a>  <img decoding=\"async\" src=\"https:\/\/tv-tregor.com\/web-precedent\/IMG\/gif\/logoVDPQ4.gif\" alt=\"logoVDPQ4.gif\" align=\"center\" \/>  <\/p>\n<p>  Liste des structures adh\u00e9rentes :  -Airelles Vid\u00e9o -Aldudarrak Bideo &#8211; Kanaldude -Alice Coop\u00e9ratif Concept -Avec Cr\u00e9ation -Canal Nord -Couleur Cantal -Cin\u00e9-Village -Cumav 65 -Des images \u00e0 vivre -Maillebois TV &#8211;<a href=\"http:\/\/www.o2zone.tv\/\">O2Zone TV<\/a> -Riv&rsquo; Nord -Tarn Image -T\u00e9l\u00e9 Baie de Somme -T\u00e9l\u00e9 Centre Bernon -T\u00e9l\u00e9 C\u00e9vennes -T\u00e9l\u00e9plaisance &#8211;<a href=\"http:\/\/telemillevaches.free.fr\/\">T\u00e9l\u00e9 Millevaches<\/a> -T\u00e9l\u00e9toutim -T\u00e9l\u00e9 Velay &#8211;<a href=\"http:\/\/tv5000.org\/\">T\u00e9l\u00e9 5000<\/a> &#8211;<a href=\"http:\/\/www.tgbtv.fr\/\">TGB<\/a> -TLC &#8211;<a href=\"http:\/\/www.tv-tregor.com\">Tr\u00e9gor Vid\u00e9o &#8211; TV-TREGOR<\/a> -tv94 -Vid\u00e9on<\/p>\n","protected":false},"excerpt":{"rendered":"<\/p>\n<p><strong>La F\u00e9d\u00e9ration Nationale des Vid\u00e9os de Pays et de Quartiers<\/strong> La F\u00e9d\u00e9ration regroupe 25 t\u00e9l\u00e9visions associatives locales. Elle existe depuis 1986. C&rsquo;est un r\u00e9seau d&rsquo;\u00e9change entre les adh\u00e9rents, \u00e9changes d&rsquo;informations, de comp\u00e9tences, d&rsquo;exp\u00e9riences&#8230; La F\u00e9d\u00e9ration m\u00e8ne aussi des combats  \u2026  <a href=\"https:\/\/tv-tregor.com\/web-precedent\/2005\/11\/09\/notre-federation-nationale-des-videos-des-pays-et-des-quartiers\/\">&#8230;lire le sujet&#8230; <span class=\"meta-nav\">&rarr; <\/span><\/a><\/p>\n","protected":false},"author":1,"featured_media":0,"comment_status":"open","ping_status":"open","sticky":false,"template":"","format":"standard","meta":{"footnotes":""},"categories":[15],"tags":[],"class_list":["post-83","post","type-post","status-publish","format-standard","hentry","category-lassociation"],"_links":{"self":[{"href":"https:\/\/tv-tregor.com\/web-precedent\/wp-json\/wp\/v2\/posts\/83","targetHints":{"allow":["GET"]}}],"collection":[{"href":"https:\/\/tv-tregor.com\/web-precedent\/wp-json\/wp\/v2\/posts"}],"about":[{"href":"https:\/\/tv-tregor.com\/web-precedent\/wp-json\/wp\/v2\/types\/post"}],"author":[{"embeddable":true,"href":"https:\/\/tv-tregor.com\/web-precedent\/wp-json\/wp\/v2\/users\/1"}],"replies":[{"embeddable":true,"href":"https:\/\/tv-tregor.com\/web-precedent\/wp-json\/wp\/v2\/comments?post=83"}],"version-history":[{"count":9,"href":"https:\/\/tv-tregor.com\/web-precedent\/wp-json\/wp\/v2\/posts\/83\/revisions"}],"predecessor-version":[{"id":1097,"href":"https:\/\/tv-tregor.com\/web-precedent\/wp-json\/wp\/v2\/posts\/83\/revisions\/1097"}],"wp:attachment":[{"href":"https:\/\/tv-tregor.com\/web-precedent\/wp-json\/wp\/v2\/media?parent=83"}],"wp:term":[{"taxonomy":"category","embeddable":true,"href":"https:\/\/tv-tregor.com\/web-precedent\/wp-json\/wp\/v2\/categories?post=83"},{"taxonomy":"post_tag","embeddable":true,"href":"https:\/\/tv-tregor.com\/web-precedent\/wp-json\/wp\/v2\/tags?post=83"}],"curies":[{"name":"wp","href":"https:\/\/api.w.org\/{rel}","templated":true}]}}