{"id":688,"date":"2014-03-12T01:10:40","date_gmt":"2014-03-12T00:10:40","guid":{"rendered":"http:\/\/tv-tregor.com\/web-precedent\/2014\/03\/12\/bretagne-culture-diversite-1106\/"},"modified":"2016-01-20T19:35:56","modified_gmt":"2016-01-20T18:35:56","slug":"bretagne-culture-diversite-1106","status":"publish","type":"post","link":"https:\/\/tv-tregor.com\/web-precedent\/2014\/03\/12\/bretagne-culture-diversite-1106\/","title":{"rendered":"&#8230; Bretagne Culture Diversit\u00e9 &#8230; &#8211; 11&rsquo;06"},"content":{"rendered":"<p><a title=\"Regarder le sujet\" href=\"https:\/\/tv-tregor.com\/web-precedent\/www\/streams\/2014-03-bcd-charles-quimbert.html\">Regarder le reportage<\/a><\/p>\n<p><a href=\"https:\/\/tv-tregor.com\/web-precedent\/www\/streams\/2014-03-bcd-charles-quimbert.html\"><img decoding=\"async\" src=\"https:\/\/tv-tregor.com\/web-precedent\/IMG\/jpg\/logo-g-charles-quimbert-2.jpg\" alt=\"logo-g-charles-quimbert-2.jpg\" align=\"center\" \/><\/a><\/p>\n<p>Cette association est \u00e0 l&rsquo;origine ou gestionnaire de plusieurs projets culturels visibles sur le Web : B\u00e9c\u00e9dia, Bretania&#8230; . A l&rsquo;occasion de son Universit\u00e9 Populaire Itin\u00e9rante tenue le 1er Mars \u00e0 Cavan, Charles Quimbert, son directeur, nous explique ces diff\u00e9rentes activit\u00e9s, et Julien Cornic nous pr\u00e9sente le sujet de cette conf\u00e9rence. R\u00e9alisation : Daniel George &#8211; Dur\u00e9e : 11&rsquo;06\u00a0\u00bb<\/p>\n","protected":false},"excerpt":{"rendered":"<p><a title=\"Regarder le sujet\" href=\"https:\/\/tv-tregor.com\/web-precedent\/www\/streams\/2014-03-bcd-charles-quimbert.html\">Regarder le reportage<\/a><\/p>\n<p><a href=\"https:\/\/tv-tregor.com\/web-precedent\/www\/streams\/2014-03-bcd-charles-quimbert.html\"><img decoding=\"async\" src=\"https:\/\/tv-tregor.com\/web-precedent\/IMG\/jpg\/logo-g-charles-quimbert-2.jpg\" alt=\"logo-g-charles-quimbert-2.jpg\" align=\"center\" \/><\/a><\/p>\n<p>Cette association est \u00e0 l&rsquo;origine ou gestionnaire de plusieurs projets culturels visibles sur le Web : B\u00e9c\u00e9dia, Bretania&#8230; . A l&rsquo;occasion de son Universit\u00e9 Populaire Itin\u00e9rante  \u2026  <a href=\"https:\/\/tv-tregor.com\/web-precedent\/2014\/03\/12\/bretagne-culture-diversite-1106\/\">&#8230;lire le sujet&#8230; <span class=\"meta-nav\">&rarr; <\/span><\/a><\/p>\n","protected":false},"author":1,"featured_media":0,"comment_status":"open","ping_status":"open","sticky":false,"template":"","format":"standard","meta":{"footnotes":""},"categories":[50],"tags":[],"class_list":["post-688","post","type-post","status-publish","format-standard","hentry","category-nos-dernieres-videos"],"_links":{"self":[{"href":"https:\/\/tv-tregor.com\/web-precedent\/wp-json\/wp\/v2\/posts\/688","targetHints":{"allow":["GET"]}}],"collection":[{"href":"https:\/\/tv-tregor.com\/web-precedent\/wp-json\/wp\/v2\/posts"}],"about":[{"href":"https:\/\/tv-tregor.com\/web-precedent\/wp-json\/wp\/v2\/types\/post"}],"author":[{"embeddable":true,"href":"https:\/\/tv-tregor.com\/web-precedent\/wp-json\/wp\/v2\/users\/1"}],"replies":[{"embeddable":true,"href":"https:\/\/tv-tregor.com\/web-precedent\/wp-json\/wp\/v2\/comments?post=688"}],"version-history":[{"count":4,"href":"https:\/\/tv-tregor.com\/web-precedent\/wp-json\/wp\/v2\/posts\/688\/revisions"}],"predecessor-version":[{"id":1006,"href":"https:\/\/tv-tregor.com\/web-precedent\/wp-json\/wp\/v2\/posts\/688\/revisions\/1006"}],"wp:attachment":[{"href":"https:\/\/tv-tregor.com\/web-precedent\/wp-json\/wp\/v2\/media?parent=688"}],"wp:term":[{"taxonomy":"category","embeddable":true,"href":"https:\/\/tv-tregor.com\/web-precedent\/wp-json\/wp\/v2\/categories?post=688"},{"taxonomy":"post_tag","embeddable":true,"href":"https:\/\/tv-tregor.com\/web-precedent\/wp-json\/wp\/v2\/tags?post=688"}],"curies":[{"name":"wp","href":"https:\/\/api.w.org\/{rel}","templated":true}]}}