{"id":682,"date":"2014-02-04T06:06:24","date_gmt":"2014-02-04T05:06:24","guid":{"rendered":"http:\/\/tv-tregor.com\/web-precedent\/2014\/02\/04\/un-rideau-se-baisse-a-lanvellec-713\/"},"modified":"2016-01-14T14:08:12","modified_gmt":"2016-01-14T13:08:12","slug":"un-rideau-se-baisse-a-lanvellec-713","status":"publish","type":"post","link":"https:\/\/tv-tregor.com\/web-precedent\/2014\/02\/04\/un-rideau-se-baisse-a-lanvellec-713\/","title":{"rendered":"Un rideau se baisse \u00e0 Lanvellec &#8211; 7&rsquo;13"},"content":{"rendered":"<p><a href=\"https:\/\/tv-tregor.com\/web-precedent\/www\/streams\/un-rideau-se-baisse.html\" title=\"Regarder le document video\">Regarder le document video<\/a><\/p>\n<p> <img decoding=\"async\" src=\"https:\/\/tv-tregor.com\/web-precedent\/IMG\/jpg\/un-rideau-se-baisse-g.jpg\" alt=\"un-rideau-se-baisse-g.jpg\" align=\"center\" \/>  <\/p>\n<p>  Fin d\u00e9cembre 2013, le rideau du magasin de Dani\u00e8le Lamouller, au bourg de  Lanvellec, s&rsquo;est baiss\u00e9 d\u00e9finitivement, ce qui a mis fin \u00e0 une longue page de l&rsquo;histoire du commerce de proximit\u00e9 dans cette commune. En effet, depuis 53 ans, on y trouvait de tout dans ce magasin, y compris des v\u00eatements.  Cet \u00e9v\u00e9nement ne laisse pas indiff\u00e9rents les fid\u00e8les clients de Mme Lamouller, laquelle nous raconte ici l&rsquo;histoire de son magazin.   Dur\u00e9e  : 7&rsquo;13  R\u00e9alisation : Claude Andr\u00e9 et Marie Chauvin  Ouest Armor Image &#8211; TV-Tr\u00e9gor F\u00e9vrier 2014<\/p>\n","protected":false},"excerpt":{"rendered":"<p><a href=\"https:\/\/tv-tregor.com\/web-precedent\/www\/streams\/un-rideau-se-baisse.html\" title=\"Regarder le document video\">Regarder le document video<\/a><\/p>\n<p> <img decoding=\"async\" src=\"https:\/\/tv-tregor.com\/web-precedent\/IMG\/jpg\/un-rideau-se-baisse-g.jpg\" alt=\"un-rideau-se-baisse-g.jpg\" align=\"center\" \/> <\/p>\n<p> Fin d\u00e9cembre 2013, le rideau du magasin de Dani\u00e8le Lamouller, au bourg de Lanvellec, s&rsquo;est baiss\u00e9 d\u00e9finitivement, ce qui a mis fin  \u2026  <a href=\"https:\/\/tv-tregor.com\/web-precedent\/2014\/02\/04\/un-rideau-se-baisse-a-lanvellec-713\/\">&#8230;lire le sujet&#8230; <span class=\"meta-nav\">&rarr; <\/span><\/a><\/p>\n","protected":false},"author":1,"featured_media":0,"comment_status":"open","ping_status":"open","sticky":false,"template":"","format":"standard","meta":{"footnotes":""},"categories":[50],"tags":[],"class_list":["post-682","post","type-post","status-publish","format-standard","hentry","category-nos-dernieres-videos"],"_links":{"self":[{"href":"https:\/\/tv-tregor.com\/web-precedent\/wp-json\/wp\/v2\/posts\/682","targetHints":{"allow":["GET"]}}],"collection":[{"href":"https:\/\/tv-tregor.com\/web-precedent\/wp-json\/wp\/v2\/posts"}],"about":[{"href":"https:\/\/tv-tregor.com\/web-precedent\/wp-json\/wp\/v2\/types\/post"}],"author":[{"embeddable":true,"href":"https:\/\/tv-tregor.com\/web-precedent\/wp-json\/wp\/v2\/users\/1"}],"replies":[{"embeddable":true,"href":"https:\/\/tv-tregor.com\/web-precedent\/wp-json\/wp\/v2\/comments?post=682"}],"version-history":[{"count":1,"href":"https:\/\/tv-tregor.com\/web-precedent\/wp-json\/wp\/v2\/posts\/682\/revisions"}],"predecessor-version":[{"id":711,"href":"https:\/\/tv-tregor.com\/web-precedent\/wp-json\/wp\/v2\/posts\/682\/revisions\/711"}],"wp:attachment":[{"href":"https:\/\/tv-tregor.com\/web-precedent\/wp-json\/wp\/v2\/media?parent=682"}],"wp:term":[{"taxonomy":"category","embeddable":true,"href":"https:\/\/tv-tregor.com\/web-precedent\/wp-json\/wp\/v2\/categories?post=682"},{"taxonomy":"post_tag","embeddable":true,"href":"https:\/\/tv-tregor.com\/web-precedent\/wp-json\/wp\/v2\/tags?post=682"}],"curies":[{"name":"wp","href":"https:\/\/api.w.org\/{rel}","templated":true}]}}