{"id":678,"date":"2014-01-08T14:01:40","date_gmt":"2014-01-08T13:01:40","guid":{"rendered":"http:\/\/tv-tregor.com\/web-precedent\/2014\/01\/08\/terre-des-hommes-pour-un-monde-meilleur-413\/"},"modified":"2016-01-14T14:10:20","modified_gmt":"2016-01-14T13:10:20","slug":"terre-des-hommes-pour-un-monde-meilleur-413","status":"publish","type":"post","link":"https:\/\/tv-tregor.com\/web-precedent\/2014\/01\/08\/terre-des-hommes-pour-un-monde-meilleur-413\/","title":{"rendered":"Terre des Hommes, pour un monde meilleur &#8211; 4&rsquo;13"},"content":{"rendered":"<p><a href=\"https:\/\/tv-tregor.com\/web-precedent\/www\/streams\/asso-tdh.html\" title=\"Regarder le document vid\u00e9o\"> Regarder le document vid\u00e9o<\/a><\/p>\n<p> <img decoding=\"async\" src=\"https:\/\/tv-tregor.com\/web-precedent\/IMG\/jpg\/asso-tdh-g.jpg\" alt=\"asso-tdh-g.jpg\" align=\"center\" \/>  <\/p>\n<p>  L&rsquo;association Terre des Hommes oeuvre depuis 50 ans pour que la vie soit meilleure et plus juste dans les pays les plus d\u00e9favoris\u00e9s de la plan\u00e8te.   Noble cause qui mobilise toute l&rsquo;\u00e9nergie d&rsquo;une \u00e9quipe de b\u00e9n\u00e9voles \u00e0 Lannion. Marie-Paule P\u00e9qu\u00e9riau, interview\u00e9e au Forum des associations de Lannion,  nous en dit davantage sur cette action. A voir sur TV-Tregor.com  &#8230;  Production Ouest Armor Image &#8211; TV-Tr\u00e9gor  R\u00e9alisation image et montage : Jean-Dominique Gauthier &#8211; Son et interview :  Daniel George   Septembre 2013 \/ janvier 2014 &#8211; Dur\u00e9e  : 4&rsquo;13\u00a0\u00bb <\/p>\n","protected":false},"excerpt":{"rendered":"<p><a href=\"https:\/\/tv-tregor.com\/web-precedent\/www\/streams\/asso-tdh.html\" title=\"Regarder le document vid\u00e9o\"> Regarder le document vid\u00e9o<\/a><\/p>\n<p> <img decoding=\"async\" src=\"https:\/\/tv-tregor.com\/web-precedent\/IMG\/jpg\/asso-tdh-g.jpg\" alt=\"asso-tdh-g.jpg\" align=\"center\" \/> <\/p>\n<p> L&rsquo;association Terre des Hommes oeuvre depuis 50 ans pour que la vie soit meilleure et plus juste dans les pays les  \u2026  <a href=\"https:\/\/tv-tregor.com\/web-precedent\/2014\/01\/08\/terre-des-hommes-pour-un-monde-meilleur-413\/\">&#8230;lire le sujet&#8230; <span class=\"meta-nav\">&rarr; <\/span><\/a><\/p>\n","protected":false},"author":1,"featured_media":0,"comment_status":"open","ping_status":"open","sticky":false,"template":"","format":"standard","meta":{"footnotes":""},"categories":[50],"tags":[],"class_list":["post-678","post","type-post","status-publish","format-standard","hentry","category-nos-dernieres-videos"],"_links":{"self":[{"href":"https:\/\/tv-tregor.com\/web-precedent\/wp-json\/wp\/v2\/posts\/678","targetHints":{"allow":["GET"]}}],"collection":[{"href":"https:\/\/tv-tregor.com\/web-precedent\/wp-json\/wp\/v2\/posts"}],"about":[{"href":"https:\/\/tv-tregor.com\/web-precedent\/wp-json\/wp\/v2\/types\/post"}],"author":[{"embeddable":true,"href":"https:\/\/tv-tregor.com\/web-precedent\/wp-json\/wp\/v2\/users\/1"}],"replies":[{"embeddable":true,"href":"https:\/\/tv-tregor.com\/web-precedent\/wp-json\/wp\/v2\/comments?post=678"}],"version-history":[{"count":1,"href":"https:\/\/tv-tregor.com\/web-precedent\/wp-json\/wp\/v2\/posts\/678\/revisions"}],"predecessor-version":[{"id":715,"href":"https:\/\/tv-tregor.com\/web-precedent\/wp-json\/wp\/v2\/posts\/678\/revisions\/715"}],"wp:attachment":[{"href":"https:\/\/tv-tregor.com\/web-precedent\/wp-json\/wp\/v2\/media?parent=678"}],"wp:term":[{"taxonomy":"category","embeddable":true,"href":"https:\/\/tv-tregor.com\/web-precedent\/wp-json\/wp\/v2\/categories?post=678"},{"taxonomy":"post_tag","embeddable":true,"href":"https:\/\/tv-tregor.com\/web-precedent\/wp-json\/wp\/v2\/tags?post=678"}],"curies":[{"name":"wp","href":"https:\/\/api.w.org\/{rel}","templated":true}]}}