{"id":669,"date":"2013-11-05T17:41:04","date_gmt":"2013-11-05T16:41:04","guid":{"rendered":"http:\/\/tv-tregor.com\/web-precedent\/2013\/11\/05\/andbraiz-contre-les-discriminations-443\/"},"modified":"2016-01-15T08:49:30","modified_gmt":"2016-01-15T07:49:30","slug":"andbraiz-contre-les-discriminations-443","status":"publish","type":"post","link":"https:\/\/tv-tregor.com\/web-precedent\/2013\/11\/05\/andbraiz-contre-les-discriminations-443\/","title":{"rendered":"Andbraiz, contre les discriminations &#8211; 4&rsquo;43"},"content":{"rendered":"<p><a title=\"Regarder la video\" href=\"https:\/\/tv-tregor.com\/web-precedent\/www\/streams\/asso-andbraiz.html\">Regarder la video<\/a><\/p>\n<p><img decoding=\"async\" src=\"https:\/\/tv-tregor.com\/web-precedent\/IMG\/jpg\/andbraiz-g.jpg\" alt=\"andbraiz-g.jpg\" align=\"center\" \/><\/p>\n<p>L&rsquo;association Andbraiz milite contre toute discrimination fond\u00e9e sur l&rsquo;orientation sexuelle, le genre, le statut s\u00e9rologique et la situation familiale. Elle intervient \u00e9galement en mati\u00e8re de pr\u00e9vention des maladies sexuellement transmissibles. Pierre-Yves Bastard, vice-pr\u00e9sident, nous en dit plus devant la cam\u00e9ra de TV-Tr\u00e9gor, au Forum des associations de Lannion. Images et montage : Jean-Dominique Gauthier Prise de son et interview : Daniel George Dur\u00e9e 4&rsquo;43 TV-Tr\u00e9gor \/ Novembre 2013<\/p>\n","protected":false},"excerpt":{"rendered":"<p><a title=\"Regarder la video\" href=\"https:\/\/tv-tregor.com\/web-precedent\/www\/streams\/asso-andbraiz.html\">Regarder la video<\/a><\/p>\n<p><img decoding=\"async\" src=\"https:\/\/tv-tregor.com\/web-precedent\/IMG\/jpg\/andbraiz-g.jpg\" alt=\"andbraiz-g.jpg\" align=\"center\" \/><\/p>\n<p>L&rsquo;association Andbraiz milite contre toute discrimination fond\u00e9e sur l&rsquo;orientation sexuelle, le genre, le statut s\u00e9rologique et la situation familiale. Elle intervient \u00e9galement en mati\u00e8re de pr\u00e9vention des  \u2026  <a href=\"https:\/\/tv-tregor.com\/web-precedent\/2013\/11\/05\/andbraiz-contre-les-discriminations-443\/\">&#8230;lire le sujet&#8230; <span class=\"meta-nav\">&rarr; <\/span><\/a><\/p>\n","protected":false},"author":1,"featured_media":0,"comment_status":"open","ping_status":"open","sticky":false,"template":"","format":"standard","meta":{"footnotes":""},"categories":[50],"tags":[],"class_list":["post-669","post","type-post","status-publish","format-standard","hentry","category-nos-dernieres-videos"],"_links":{"self":[{"href":"https:\/\/tv-tregor.com\/web-precedent\/wp-json\/wp\/v2\/posts\/669","targetHints":{"allow":["GET"]}}],"collection":[{"href":"https:\/\/tv-tregor.com\/web-precedent\/wp-json\/wp\/v2\/posts"}],"about":[{"href":"https:\/\/tv-tregor.com\/web-precedent\/wp-json\/wp\/v2\/types\/post"}],"author":[{"embeddable":true,"href":"https:\/\/tv-tregor.com\/web-precedent\/wp-json\/wp\/v2\/users\/1"}],"replies":[{"embeddable":true,"href":"https:\/\/tv-tregor.com\/web-precedent\/wp-json\/wp\/v2\/comments?post=669"}],"version-history":[{"count":1,"href":"https:\/\/tv-tregor.com\/web-precedent\/wp-json\/wp\/v2\/posts\/669\/revisions"}],"predecessor-version":[{"id":735,"href":"https:\/\/tv-tregor.com\/web-precedent\/wp-json\/wp\/v2\/posts\/669\/revisions\/735"}],"wp:attachment":[{"href":"https:\/\/tv-tregor.com\/web-precedent\/wp-json\/wp\/v2\/media?parent=669"}],"wp:term":[{"taxonomy":"category","embeddable":true,"href":"https:\/\/tv-tregor.com\/web-precedent\/wp-json\/wp\/v2\/categories?post=669"},{"taxonomy":"post_tag","embeddable":true,"href":"https:\/\/tv-tregor.com\/web-precedent\/wp-json\/wp\/v2\/tags?post=669"}],"curies":[{"name":"wp","href":"https:\/\/api.w.org\/{rel}","templated":true}]}}