{"id":665,"date":"2013-10-09T14:48:09","date_gmt":"2013-10-09T13:48:09","guid":{"rendered":"http:\/\/tv-tregor.com\/web-precedent\/2013\/10\/09\/animation-culturelle-a-la-cathedrale-de-treguier-802\/"},"modified":"2016-01-15T09:11:47","modified_gmt":"2016-01-15T08:11:47","slug":"animation-culturelle-a-la-cathedrale-de-treguier-802","status":"publish","type":"post","link":"https:\/\/tv-tregor.com\/web-precedent\/2013\/10\/09\/animation-culturelle-a-la-cathedrale-de-treguier-802\/","title":{"rendered":"Animation culturelle \u00e0 la Cath\u00e9drale de Tr\u00e9guier &#8211; 8&rsquo;02\u00a0\u00bb"},"content":{"rendered":"<p><a title=\"Regarder le document vid\u00e9o\" href=\"https:\/\/tv-tregor.com\/web-precedent\/www\/streams\/cathedrale-treguier.html\"> Regarder le document vid\u00e9o<\/a><\/p>\n<p>&nbsp;<\/p>\n<p><img decoding=\"async\" src=\"https:\/\/tv-tregor.com\/web-precedent\/IMG\/jpg\/cath-treguier-g.jpg\" alt=\"cath-treguier-g.jpg\" align=\"center\" \/><\/p>\n<p>Le 12 juin 2013, la ville de Tr\u00e9guier et les b\u00e9n\u00e9voles de la paroisse ont organis\u00e9 une soir\u00e9e d\u00e9couverte de la cath\u00e9drale et de son clo\u00eetre. TV-Tr\u00e9gor vous propose un petit r\u00e9sum\u00e9 film\u00e9 de cette soir\u00e9e culturelle riche en histoire. Dur\u00e9e 8&rsquo;02 R\u00e9alisation : Jean-Pierre Gourjux Octobre 2013<\/p>\n","protected":false},"excerpt":{"rendered":"<p><a title=\"Regarder le document vid\u00e9o\" href=\"https:\/\/tv-tregor.com\/web-precedent\/www\/streams\/cathedrale-treguier.html\"> Regarder le document vid\u00e9o<\/a><\/p>\n<p>&nbsp;<\/p>\n<p><img decoding=\"async\" src=\"https:\/\/tv-tregor.com\/web-precedent\/IMG\/jpg\/cath-treguier-g.jpg\" alt=\"cath-treguier-g.jpg\" align=\"center\" \/><\/p>\n<p>Le 12 juin 2013, la ville de Tr\u00e9guier et les b\u00e9n\u00e9voles de la paroisse ont organis\u00e9 une soir\u00e9e d\u00e9couverte de la cath\u00e9drale et  \u2026  <a href=\"https:\/\/tv-tregor.com\/web-precedent\/2013\/10\/09\/animation-culturelle-a-la-cathedrale-de-treguier-802\/\">&#8230;lire le sujet&#8230; <span class=\"meta-nav\">&rarr; <\/span><\/a><\/p>\n","protected":false},"author":1,"featured_media":0,"comment_status":"open","ping_status":"open","sticky":false,"template":"","format":"standard","meta":{"footnotes":""},"categories":[50],"tags":[],"class_list":["post-665","post","type-post","status-publish","format-standard","hentry","category-nos-dernieres-videos"],"_links":{"self":[{"href":"https:\/\/tv-tregor.com\/web-precedent\/wp-json\/wp\/v2\/posts\/665","targetHints":{"allow":["GET"]}}],"collection":[{"href":"https:\/\/tv-tregor.com\/web-precedent\/wp-json\/wp\/v2\/posts"}],"about":[{"href":"https:\/\/tv-tregor.com\/web-precedent\/wp-json\/wp\/v2\/types\/post"}],"author":[{"embeddable":true,"href":"https:\/\/tv-tregor.com\/web-precedent\/wp-json\/wp\/v2\/users\/1"}],"replies":[{"embeddable":true,"href":"https:\/\/tv-tregor.com\/web-precedent\/wp-json\/wp\/v2\/comments?post=665"}],"version-history":[{"count":2,"href":"https:\/\/tv-tregor.com\/web-precedent\/wp-json\/wp\/v2\/posts\/665\/revisions"}],"predecessor-version":[{"id":744,"href":"https:\/\/tv-tregor.com\/web-precedent\/wp-json\/wp\/v2\/posts\/665\/revisions\/744"}],"wp:attachment":[{"href":"https:\/\/tv-tregor.com\/web-precedent\/wp-json\/wp\/v2\/media?parent=665"}],"wp:term":[{"taxonomy":"category","embeddable":true,"href":"https:\/\/tv-tregor.com\/web-precedent\/wp-json\/wp\/v2\/categories?post=665"},{"taxonomy":"post_tag","embeddable":true,"href":"https:\/\/tv-tregor.com\/web-precedent\/wp-json\/wp\/v2\/tags?post=665"}],"curies":[{"name":"wp","href":"https:\/\/api.w.org\/{rel}","templated":true}]}}