{"id":663,"date":"2013-09-25T11:34:04","date_gmt":"2013-09-25T10:34:04","guid":{"rendered":"http:\/\/tv-tregor.com\/web-precedent\/2013\/09\/25\/la-rentree-des-petits-debrouillards-407\/"},"modified":"2016-01-15T09:12:31","modified_gmt":"2016-01-15T08:12:31","slug":"la-rentree-des-petits-debrouillards-407","status":"publish","type":"post","link":"https:\/\/tv-tregor.com\/web-precedent\/2013\/09\/25\/la-rentree-des-petits-debrouillards-407\/","title":{"rendered":"La rentr\u00e9e des Petits D\u00e9brouillards &#8211; 4&rsquo;07"},"content":{"rendered":"<p><a title=\"Regarder le document vid\u00e9o\" href=\"https:\/\/tv-tregor.com\/web-precedent\/www\/streams\/forum-petits-debrouillards.html\"> Regarder le document vid\u00e9o<\/a><\/p>\n<h2>\n<img decoding=\"async\" src=\"https:\/\/tv-tregor.com\/web-precedent\/IMG\/jpg\/petits-debrouillards-g.jpg\" alt=\"petits-debrouillards-g.jpg\" align=\"center\" \/><\/p>\n<p>Comment apprendre le myst\u00e8re des sciences tout en s&rsquo;amusant ? C&rsquo;est pourtant ce que vont faire les enfants qui suivront cette ann\u00e9e les ateliers imagin\u00e9s par \u00ab\u00a0Les Petits D\u00e9brouillards\u00a0\u00bb. Pour en savoir plus, TV-Tr\u00e9gor a interview\u00e9 l&rsquo;un des b\u00e9n\u00e9voles lors du Forum des associations. Dur\u00e9e : 4\u201907 R\u00e9alisation image et montage : Jean-Dominique Gauthier Interview et prise de son : Daniel George<\/h2>\n","protected":false},"excerpt":{"rendered":"<p><a title=\"Regarder le document vid\u00e9o\" href=\"https:\/\/tv-tregor.com\/web-precedent\/www\/streams\/forum-petits-debrouillards.html\"> Regarder le document vid\u00e9o<\/a><\/p>\n<h2> <img decoding=\"async\" src=\"https:\/\/tv-tregor.com\/web-precedent\/IMG\/jpg\/petits-debrouillards-g.jpg\" alt=\"petits-debrouillards-g.jpg\" align=\"center\" \/><\/p>\n<p>Comment apprendre le myst\u00e8re des sciences tout en s&rsquo;amusant ? C&rsquo;est pourtant ce que vont faire les enfants qui suivront cette ann\u00e9e les  \u2026  <a href=\"https:\/\/tv-tregor.com\/web-precedent\/2013\/09\/25\/la-rentree-des-petits-debrouillards-407\/\">&#8230;lire le sujet&#8230; <span class=\"meta-nav\">&rarr; <\/span><\/a><\/p>\n","protected":false},"author":1,"featured_media":0,"comment_status":"open","ping_status":"open","sticky":false,"template":"","format":"standard","meta":{"footnotes":""},"categories":[50],"tags":[],"class_list":["post-663","post","type-post","status-publish","format-standard","hentry","category-nos-dernieres-videos"],"_links":{"self":[{"href":"https:\/\/tv-tregor.com\/web-precedent\/wp-json\/wp\/v2\/posts\/663","targetHints":{"allow":["GET"]}}],"collection":[{"href":"https:\/\/tv-tregor.com\/web-precedent\/wp-json\/wp\/v2\/posts"}],"about":[{"href":"https:\/\/tv-tregor.com\/web-precedent\/wp-json\/wp\/v2\/types\/post"}],"author":[{"embeddable":true,"href":"https:\/\/tv-tregor.com\/web-precedent\/wp-json\/wp\/v2\/users\/1"}],"replies":[{"embeddable":true,"href":"https:\/\/tv-tregor.com\/web-precedent\/wp-json\/wp\/v2\/comments?post=663"}],"version-history":[{"count":1,"href":"https:\/\/tv-tregor.com\/web-precedent\/wp-json\/wp\/v2\/posts\/663\/revisions"}],"predecessor-version":[{"id":745,"href":"https:\/\/tv-tregor.com\/web-precedent\/wp-json\/wp\/v2\/posts\/663\/revisions\/745"}],"wp:attachment":[{"href":"https:\/\/tv-tregor.com\/web-precedent\/wp-json\/wp\/v2\/media?parent=663"}],"wp:term":[{"taxonomy":"category","embeddable":true,"href":"https:\/\/tv-tregor.com\/web-precedent\/wp-json\/wp\/v2\/categories?post=663"},{"taxonomy":"post_tag","embeddable":true,"href":"https:\/\/tv-tregor.com\/web-precedent\/wp-json\/wp\/v2\/tags?post=663"}],"curies":[{"name":"wp","href":"https:\/\/api.w.org\/{rel}","templated":true}]}}