{"id":661,"date":"2013-09-05T10:42:24","date_gmt":"2013-09-05T09:42:24","guid":{"rendered":"http:\/\/tv-tregor.com\/web-precedent\/2013\/09\/05\/le-theatre-du-marais-1810\/"},"modified":"2016-01-15T09:13:21","modified_gmt":"2016-01-15T08:13:21","slug":"le-theatre-du-marais-1810","status":"publish","type":"post","link":"https:\/\/tv-tregor.com\/web-precedent\/2013\/09\/05\/le-theatre-du-marais-1810\/","title":{"rendered":"Le th\u00e9\u00e2tre du Marais &#8211; 18&rsquo;10\u00a0\u00bb"},"content":{"rendered":"<p><a title=\"Regarder le document vid\u00e9o\" href=\"https:\/\/tv-tregor.com\/web-precedent\/www\/streams\/quellen-flv.html\"> Regarder le document vid\u00e9o<\/a><\/p>\n<p>&nbsp;<\/p>\n<h2><img decoding=\"async\" src=\"https:\/\/tv-tregor.com\/web-precedent\/IMG\/jpg\/quellen-g.jpg\" alt=\"quellen-g.jpg\" align=\"center\" \/><\/p>\n<p>Le marais du Quellen f\u00eate ses 30 ans. Ce fut l&rsquo;occasion le 16 et 17 ao\u00fbt dernier pour les 12 com\u00e9diens du P&rsquo;TiB (Petit th\u00e9\u00e2tre de l&rsquo;immaginarium breton) d&rsquo;inviter les promeneurs \u00e0 de petits spectacles d&rsquo;acrobatie, de marionnettes et des sayn\u00e8tes sur des th\u00e8mes de soci\u00e9t\u00e9 abord\u00e9s avec po\u00e9sie et humour dans un cadre naturel et magique. Des associations ont compl\u00e9t\u00e9 ces regards d&rsquo;artistes par des apports sur l&rsquo;histoire du marais et la connaissance de la cette nature si particuli\u00e8re et fragile. dur\u00e9e 18&rsquo;10\u00a0\u00bb<\/h2>\n","protected":false},"excerpt":{"rendered":"<p><a title=\"Regarder le document vid\u00e9o\" href=\"https:\/\/tv-tregor.com\/web-precedent\/www\/streams\/quellen-flv.html\"> Regarder le document vid\u00e9o<\/a><\/p>\n<p>&nbsp;<\/p>\n<h2><img decoding=\"async\" src=\"https:\/\/tv-tregor.com\/web-precedent\/IMG\/jpg\/quellen-g.jpg\" alt=\"quellen-g.jpg\" align=\"center\" \/><\/p>\n<p>Le marais du Quellen f\u00eate ses 30 ans. Ce fut l&rsquo;occasion le 16 et 17 ao\u00fbt dernier pour les 12 com\u00e9diens du P&rsquo;TiB  \u2026  <a href=\"https:\/\/tv-tregor.com\/web-precedent\/2013\/09\/05\/le-theatre-du-marais-1810\/\">&#8230;lire le sujet&#8230; <span class=\"meta-nav\">&rarr; <\/span><\/a><\/p>\n","protected":false},"author":1,"featured_media":0,"comment_status":"open","ping_status":"open","sticky":false,"template":"","format":"standard","meta":{"footnotes":""},"categories":[50],"tags":[],"class_list":["post-661","post","type-post","status-publish","format-standard","hentry","category-nos-dernieres-videos"],"_links":{"self":[{"href":"https:\/\/tv-tregor.com\/web-precedent\/wp-json\/wp\/v2\/posts\/661","targetHints":{"allow":["GET"]}}],"collection":[{"href":"https:\/\/tv-tregor.com\/web-precedent\/wp-json\/wp\/v2\/posts"}],"about":[{"href":"https:\/\/tv-tregor.com\/web-precedent\/wp-json\/wp\/v2\/types\/post"}],"author":[{"embeddable":true,"href":"https:\/\/tv-tregor.com\/web-precedent\/wp-json\/wp\/v2\/users\/1"}],"replies":[{"embeddable":true,"href":"https:\/\/tv-tregor.com\/web-precedent\/wp-json\/wp\/v2\/comments?post=661"}],"version-history":[{"count":1,"href":"https:\/\/tv-tregor.com\/web-precedent\/wp-json\/wp\/v2\/posts\/661\/revisions"}],"predecessor-version":[{"id":747,"href":"https:\/\/tv-tregor.com\/web-precedent\/wp-json\/wp\/v2\/posts\/661\/revisions\/747"}],"wp:attachment":[{"href":"https:\/\/tv-tregor.com\/web-precedent\/wp-json\/wp\/v2\/media?parent=661"}],"wp:term":[{"taxonomy":"category","embeddable":true,"href":"https:\/\/tv-tregor.com\/web-precedent\/wp-json\/wp\/v2\/categories?post=661"},{"taxonomy":"post_tag","embeddable":true,"href":"https:\/\/tv-tregor.com\/web-precedent\/wp-json\/wp\/v2\/tags?post=661"}],"curies":[{"name":"wp","href":"https:\/\/api.w.org\/{rel}","templated":true}]}}