{"id":660,"date":"2013-08-28T23:49:36","date_gmt":"2013-08-28T22:49:36","guid":{"rendered":"http:\/\/tv-tregor.com\/web-precedent\/2013\/08\/28\/la-guerre-du-sable-1518\/"},"modified":"2016-01-20T19:05:33","modified_gmt":"2016-01-20T18:05:33","slug":"la-guerre-du-sable-1518","status":"publish","type":"post","link":"https:\/\/tv-tregor.com\/web-precedent\/2013\/08\/28\/la-guerre-du-sable-1518\/","title":{"rendered":"La guerre du sable &#8211; 15&rsquo;18\u00a0\u00bb"},"content":{"rendered":"<p><a title=\"Regarder le document vid\u00e9o\" href=\"https:\/\/tv-tregor.com\/web-precedent\/www\/streams\/2013-08-sable.html\">Regarder le document vid\u00e9o<\/a><\/p>\n<p><a href=\"https:\/\/tv-tregor.com\/web-precedent\/www\/streams\/2013-08-sable.html\"><img decoding=\"async\" src=\"https:\/\/tv-tregor.com\/web-precedent\/IMG\/jpg\/sable-g.jpg\" alt=\"sable-g.jpg\" align=\"center\" \/><\/a><\/p>\n<p>Le 12 juillet dernier, le film du r\u00e9alisateur Denis D\u00e9lestrac \u00ab\u00a0enqu\u00eate sur une disparition\u00a0\u00bb a \u00e9t\u00e9 pr\u00e9sent\u00e9 dans la salle du S\u00e9maphore \u00e0 Tr\u00e9beurden devant une salle comble. S&rsquo;en est suivie une table ronde de repr\u00e9sentants locaux et d&rsquo;experts organis\u00e9e par le collectif \u00ab\u00a0le peuple des dunes\u00a0\u00bb sur les risques et les enjeux du projet d&rsquo;extraction de sable en baie de Lannion en attendant une d\u00e9cision gouvernementale&#8230;<\/p>\n","protected":false},"excerpt":{"rendered":"<p><a title=\"Regarder le document vid\u00e9o\" href=\"https:\/\/tv-tregor.com\/web-precedent\/www\/streams\/2013-08-sable.html\">Regarder le document vid\u00e9o<\/a><\/p>\n<p><a href=\"https:\/\/tv-tregor.com\/web-precedent\/www\/streams\/2013-08-sable.html\"><img decoding=\"async\" src=\"https:\/\/tv-tregor.com\/web-precedent\/IMG\/jpg\/sable-g.jpg\" alt=\"sable-g.jpg\" align=\"center\" \/><\/a><\/p>\n<p>Le 12 juillet dernier, le film du r\u00e9alisateur Denis D\u00e9lestrac \u00ab\u00a0enqu\u00eate sur une disparition\u00a0\u00bb a \u00e9t\u00e9 pr\u00e9sent\u00e9 dans la salle du S\u00e9maphore \u00e0 Tr\u00e9beurden  \u2026  <a href=\"https:\/\/tv-tregor.com\/web-precedent\/2013\/08\/28\/la-guerre-du-sable-1518\/\">&#8230;lire le sujet&#8230; <span class=\"meta-nav\">&rarr; <\/span><\/a><\/p>\n","protected":false},"author":1,"featured_media":0,"comment_status":"open","ping_status":"open","sticky":false,"template":"","format":"standard","meta":{"footnotes":""},"categories":[50],"tags":[],"class_list":["post-660","post","type-post","status-publish","format-standard","hentry","category-nos-dernieres-videos"],"_links":{"self":[{"href":"https:\/\/tv-tregor.com\/web-precedent\/wp-json\/wp\/v2\/posts\/660","targetHints":{"allow":["GET"]}}],"collection":[{"href":"https:\/\/tv-tregor.com\/web-precedent\/wp-json\/wp\/v2\/posts"}],"about":[{"href":"https:\/\/tv-tregor.com\/web-precedent\/wp-json\/wp\/v2\/types\/post"}],"author":[{"embeddable":true,"href":"https:\/\/tv-tregor.com\/web-precedent\/wp-json\/wp\/v2\/users\/1"}],"replies":[{"embeddable":true,"href":"https:\/\/tv-tregor.com\/web-precedent\/wp-json\/wp\/v2\/comments?post=660"}],"version-history":[{"count":3,"href":"https:\/\/tv-tregor.com\/web-precedent\/wp-json\/wp\/v2\/posts\/660\/revisions"}],"predecessor-version":[{"id":1001,"href":"https:\/\/tv-tregor.com\/web-precedent\/wp-json\/wp\/v2\/posts\/660\/revisions\/1001"}],"wp:attachment":[{"href":"https:\/\/tv-tregor.com\/web-precedent\/wp-json\/wp\/v2\/media?parent=660"}],"wp:term":[{"taxonomy":"category","embeddable":true,"href":"https:\/\/tv-tregor.com\/web-precedent\/wp-json\/wp\/v2\/categories?post=660"},{"taxonomy":"post_tag","embeddable":true,"href":"https:\/\/tv-tregor.com\/web-precedent\/wp-json\/wp\/v2\/tags?post=660"}],"curies":[{"name":"wp","href":"https:\/\/api.w.org\/{rel}","templated":true}]}}