{"id":66,"date":"2005-09-05T13:36:06","date_gmt":"2005-09-05T12:36:06","guid":{"rendered":"http:\/\/tv-tregor.com\/web-precedent\/2005\/09\/05\/saga-radeaux-2005-episode-14-445\/"},"modified":"2005-09-05T13:36:06","modified_gmt":"2005-09-05T12:36:06","slug":"saga-radeaux-2005-episode-14-445","status":"publish","type":"post","link":"https:\/\/tv-tregor.com\/web-precedent\/2005\/09\/05\/saga-radeaux-2005-episode-14-445\/","title":{"rendered":"Saga radeaux 2005 \u00e9pisode 1\/4 &#8211; 4&rsquo;45"},"content":{"rendered":"<p><a href=\"https:\/\/tv-tregor.com\/web-precedent\/www\/streams\/rado1.html\" title=\"Regarder le sujet\">Regarder la vid\u00e9o<\/a><\/p>\n<p><a href=\"http:\/\/www.tv-tregor.com\/web-precedent\/www\/streams\/rado1.html\" title=\"Regarder le sujet\"><img decoding=\"async\" src=\"https:\/\/tv-tregor.com\/web-precedent\/IMG\/jpg\/radeaux-250.jpg\" alt=\"radeaux-250.jpg\" align=\"center\" \/><\/a> <\/p>\n<p>    Enfin la saga de fin d&rsquo;\u00e9t\u00e9 de TV tr\u00e9gor!!!!   Du 22 au 24 juillet s&rsquo;est d\u00e9roul\u00e9e \u00e0 La Roche Derrien la quatri\u00e8me \u00e9dition de le f\u00eate des Radeaux, l&rsquo;occasion pour Tv tr\u00e9gor de suivre l&rsquo;aventure d&rsquo;un groupe de radoteurs. Nous vous proposons de les retrouver chaque semaine dans ce feuilleton de la rentr\u00e9e.   Ce premier \u00e9pisode d&rsquo;une s\u00e9rie de quatre, vous invite \u00e0 d\u00e9couvrir comment ce groupe d&rsquo;amis a d\u00e9cid\u00e9 de se lancer dans une aventure de marins d&rsquo;eau douce sur un engin digne de la m\u00e9duse.    Vous pouvez regarder la suite de la saga des radeaux dans la rubrique <strong>Loisirs<\/strong> de <strong>Loisirs et culture<\/strong>. Trois autres \u00e9pisodes vous attendent<\/p>\n","protected":false},"excerpt":{"rendered":"<p><a href=\"https:\/\/tv-tregor.com\/web-precedent\/www\/streams\/rado1.html\" title=\"Regarder le sujet\">Regarder la vid\u00e9o<\/a><\/p>\n<p><a href=\"http:\/\/www.tv-tregor.com\/web-precedent\/www\/streams\/rado1.html\" title=\"Regarder le sujet\"><img decoding=\"async\" src=\"https:\/\/tv-tregor.com\/web-precedent\/IMG\/jpg\/radeaux-250.jpg\" alt=\"radeaux-250.jpg\" align=\"center\" \/><\/a> <\/p>\n<p> Enfin la saga de fin d&rsquo;\u00e9t\u00e9 de TV tr\u00e9gor!!!! Du 22 au 24 juillet s&rsquo;est d\u00e9roul\u00e9e \u00e0 La Roche Derrien la  \u2026  <a href=\"https:\/\/tv-tregor.com\/web-precedent\/2005\/09\/05\/saga-radeaux-2005-episode-14-445\/\">&#8230;lire le sujet&#8230; <span class=\"meta-nav\">&rarr; <\/span><\/a><\/p>\n","protected":false},"author":1,"featured_media":0,"comment_status":"open","ping_status":"open","sticky":false,"template":"","format":"standard","meta":{"footnotes":""},"categories":[17],"tags":[],"class_list":["post-66","post","type-post","status-publish","format-standard","hentry","category-loisirs"],"_links":{"self":[{"href":"https:\/\/tv-tregor.com\/web-precedent\/wp-json\/wp\/v2\/posts\/66","targetHints":{"allow":["GET"]}}],"collection":[{"href":"https:\/\/tv-tregor.com\/web-precedent\/wp-json\/wp\/v2\/posts"}],"about":[{"href":"https:\/\/tv-tregor.com\/web-precedent\/wp-json\/wp\/v2\/types\/post"}],"author":[{"embeddable":true,"href":"https:\/\/tv-tregor.com\/web-precedent\/wp-json\/wp\/v2\/users\/1"}],"replies":[{"embeddable":true,"href":"https:\/\/tv-tregor.com\/web-precedent\/wp-json\/wp\/v2\/comments?post=66"}],"version-history":[{"count":0,"href":"https:\/\/tv-tregor.com\/web-precedent\/wp-json\/wp\/v2\/posts\/66\/revisions"}],"wp:attachment":[{"href":"https:\/\/tv-tregor.com\/web-precedent\/wp-json\/wp\/v2\/media?parent=66"}],"wp:term":[{"taxonomy":"category","embeddable":true,"href":"https:\/\/tv-tregor.com\/web-precedent\/wp-json\/wp\/v2\/categories?post=66"},{"taxonomy":"post_tag","embeddable":true,"href":"https:\/\/tv-tregor.com\/web-precedent\/wp-json\/wp\/v2\/tags?post=66"}],"curies":[{"name":"wp","href":"https:\/\/api.w.org\/{rel}","templated":true}]}}