{"id":653,"date":"2013-06-26T10:35:08","date_gmt":"2013-06-26T09:35:08","guid":{"rendered":"http:\/\/tv-tregor.com\/web-precedent\/2013\/06\/26\/inauguration-de-la-nouvelle-passerelle-st-francois-1200\/"},"modified":"2016-01-15T09:23:34","modified_gmt":"2016-01-15T08:23:34","slug":"inauguration-de-la-nouvelle-passerelle-st-francois-1200","status":"publish","type":"post","link":"https:\/\/tv-tregor.com\/web-precedent\/2013\/06\/26\/inauguration-de-la-nouvelle-passerelle-st-francois-1200\/","title":{"rendered":"Inauguration de la nouvelle passerelle St-Fran\u00e7ois &#8211; 12&rsquo;00\u00a0\u00bb"},"content":{"rendered":"<p><a title=\"Regarder le document vid\u00e9o\" href=\"https:\/\/tv-tregor.com\/web-precedent\/www\/streams\/passerelle-st-francois-flv.html\"> Regarder le document vid\u00e9o<\/a><\/p>\n<h2><\/h2>\n<h2><img decoding=\"async\" src=\"https:\/\/tv-tregor.com\/web-precedent\/IMG\/jpg\/passerelle-g.jpg\" alt=\"passerelle-g.jpg\" align=\"center\" \/><\/p>\n<p>La passerelle Saint-Fran\u00e7ois, datant du r\u00e8gne de Louis-Philippe, enjambe la rivi\u00e8re du Guindy et relie ainsi les communes de Tr\u00e9guier et de Plouguiel. R\u00e9serv\u00e9e aux pi\u00e9tons, elle se situe sur le chemin de randonn\u00e9e Tr\u00e9guier Penv\u00e9nan. Une nouvelle passerelle, reconstruite \u00e0 l&rsquo;identique cette ann\u00e9e, a \u00e9t\u00e9 inaugur\u00e9e le 25 mai 2013. Retour en images sur cette inauguration avec TV-Tregor.com Images : Jean-Pierre Gourjux et Daniel George Montage : Jean-Pierre Gourjux dur\u00e9e : 12&rsquo;00\u00a0\u00bb<\/h2>\n","protected":false},"excerpt":{"rendered":"<p><a title=\"Regarder le document vid\u00e9o\" href=\"https:\/\/tv-tregor.com\/web-precedent\/www\/streams\/passerelle-st-francois-flv.html\"> Regarder le document vid\u00e9o<\/a><\/p>\n<h2><\/h2>\n<h2><img decoding=\"async\" src=\"https:\/\/tv-tregor.com\/web-precedent\/IMG\/jpg\/passerelle-g.jpg\" alt=\"passerelle-g.jpg\" align=\"center\" \/><\/p>\n<p>La passerelle Saint-Fran\u00e7ois, datant du r\u00e8gne de Louis-Philippe, enjambe la rivi\u00e8re du Guindy et relie ainsi les communes de Tr\u00e9guier et de Plouguiel.  \u2026  <a href=\"https:\/\/tv-tregor.com\/web-precedent\/2013\/06\/26\/inauguration-de-la-nouvelle-passerelle-st-francois-1200\/\">&#8230;lire le sujet&#8230; <span class=\"meta-nav\">&rarr; <\/span><\/a><\/p>\n","protected":false},"author":1,"featured_media":0,"comment_status":"open","ping_status":"open","sticky":false,"template":"","format":"standard","meta":{"footnotes":""},"categories":[50],"tags":[],"class_list":["post-653","post","type-post","status-publish","format-standard","hentry","category-nos-dernieres-videos"],"_links":{"self":[{"href":"https:\/\/tv-tregor.com\/web-precedent\/wp-json\/wp\/v2\/posts\/653","targetHints":{"allow":["GET"]}}],"collection":[{"href":"https:\/\/tv-tregor.com\/web-precedent\/wp-json\/wp\/v2\/posts"}],"about":[{"href":"https:\/\/tv-tregor.com\/web-precedent\/wp-json\/wp\/v2\/types\/post"}],"author":[{"embeddable":true,"href":"https:\/\/tv-tregor.com\/web-precedent\/wp-json\/wp\/v2\/users\/1"}],"replies":[{"embeddable":true,"href":"https:\/\/tv-tregor.com\/web-precedent\/wp-json\/wp\/v2\/comments?post=653"}],"version-history":[{"count":1,"href":"https:\/\/tv-tregor.com\/web-precedent\/wp-json\/wp\/v2\/posts\/653\/revisions"}],"predecessor-version":[{"id":755,"href":"https:\/\/tv-tregor.com\/web-precedent\/wp-json\/wp\/v2\/posts\/653\/revisions\/755"}],"wp:attachment":[{"href":"https:\/\/tv-tregor.com\/web-precedent\/wp-json\/wp\/v2\/media?parent=653"}],"wp:term":[{"taxonomy":"category","embeddable":true,"href":"https:\/\/tv-tregor.com\/web-precedent\/wp-json\/wp\/v2\/categories?post=653"},{"taxonomy":"post_tag","embeddable":true,"href":"https:\/\/tv-tregor.com\/web-precedent\/wp-json\/wp\/v2\/tags?post=653"}],"curies":[{"name":"wp","href":"https:\/\/api.w.org\/{rel}","templated":true}]}}