{"id":648,"date":"2013-05-22T16:46:24","date_gmt":"2013-05-22T15:46:24","guid":{"rendered":"http:\/\/tv-tregor.com\/web-precedent\/2013\/05\/22\/festivalg-2013-911\/"},"modified":"2016-01-15T09:27:08","modified_gmt":"2016-01-15T08:27:08","slug":"festivalg-2013-911","status":"publish","type":"post","link":"https:\/\/tv-tregor.com\/web-precedent\/2013\/05\/22\/festivalg-2013-911\/","title":{"rendered":"Festiv&rsquo;Alg 2013 &#8211; 9&rsquo;11\u00a0\u00bb"},"content":{"rendered":"<p><a title=\"Regarder le sujet\" href=\"https:\/\/tv-tregor.com\/web-precedent\/www\/streams\/festivalg-flv.html\">Regarder le sujet<\/a><\/p>\n<h2>\n<img decoding=\"async\" src=\"https:\/\/tv-tregor.com\/web-precedent\/IMG\/jpg\/festivalg-g.jpg\" alt=\"festivalg-g.jpg\" align=\"center\" \/><\/p>\n<p><strong>Les algues dans tous leurs \u00e9tats !<\/strong> Marie Laizet, directrice de l&rsquo;office du tourisme de la presqu&rsquo;\u00eele de L\u00e9zardrieux, et organisatrice du Festiv&rsquo;Alg 2013, qui s&rsquo;est d\u00e9roul\u00e9 les 10, 11 et 12 mai derniers \u00e0 Pleubian nous en explique la th\u00e9matique : Les algues sont abord\u00e9es dans tous les domaines : scientifique, \u00e9cologique, \u00e9conomique, culturel et festif &#8230; De nombreux visiteurs ont pu d\u00e9couvrir sur ce th\u00e8me des expositions, le march\u00e9 des producteurs, des s\u00e9ances de bien-\u00eatre, le village gastronomique et bien d&rsquo;autres activit\u00e9s &#8230; R\u00e9alisation : Yannick Montreuil- Dur\u00e9e : 9&rsquo;11\u00a0\u00bb<\/h2>\n","protected":false},"excerpt":{"rendered":"<p><a title=\"Regarder le sujet\" href=\"https:\/\/tv-tregor.com\/web-precedent\/www\/streams\/festivalg-flv.html\">Regarder le sujet<\/a><\/p>\n<h2> <img decoding=\"async\" src=\"https:\/\/tv-tregor.com\/web-precedent\/IMG\/jpg\/festivalg-g.jpg\" alt=\"festivalg-g.jpg\" align=\"center\" \/><\/p>\n<p><strong>Les algues dans tous leurs \u00e9tats !<\/strong> Marie Laizet, directrice de l&rsquo;office du tourisme de la presqu&rsquo;\u00eele de L\u00e9zardrieux, et organisatrice du Festiv&rsquo;Alg 2013, qui s&rsquo;est  \u2026  <a href=\"https:\/\/tv-tregor.com\/web-precedent\/2013\/05\/22\/festivalg-2013-911\/\">&#8230;lire le sujet&#8230; <span class=\"meta-nav\">&rarr; <\/span><\/a><\/p>\n","protected":false},"author":1,"featured_media":0,"comment_status":"open","ping_status":"open","sticky":false,"template":"","format":"standard","meta":{"footnotes":""},"categories":[50],"tags":[],"class_list":["post-648","post","type-post","status-publish","format-standard","hentry","category-nos-dernieres-videos"],"_links":{"self":[{"href":"https:\/\/tv-tregor.com\/web-precedent\/wp-json\/wp\/v2\/posts\/648","targetHints":{"allow":["GET"]}}],"collection":[{"href":"https:\/\/tv-tregor.com\/web-precedent\/wp-json\/wp\/v2\/posts"}],"about":[{"href":"https:\/\/tv-tregor.com\/web-precedent\/wp-json\/wp\/v2\/types\/post"}],"author":[{"embeddable":true,"href":"https:\/\/tv-tregor.com\/web-precedent\/wp-json\/wp\/v2\/users\/1"}],"replies":[{"embeddable":true,"href":"https:\/\/tv-tregor.com\/web-precedent\/wp-json\/wp\/v2\/comments?post=648"}],"version-history":[{"count":1,"href":"https:\/\/tv-tregor.com\/web-precedent\/wp-json\/wp\/v2\/posts\/648\/revisions"}],"predecessor-version":[{"id":760,"href":"https:\/\/tv-tregor.com\/web-precedent\/wp-json\/wp\/v2\/posts\/648\/revisions\/760"}],"wp:attachment":[{"href":"https:\/\/tv-tregor.com\/web-precedent\/wp-json\/wp\/v2\/media?parent=648"}],"wp:term":[{"taxonomy":"category","embeddable":true,"href":"https:\/\/tv-tregor.com\/web-precedent\/wp-json\/wp\/v2\/categories?post=648"},{"taxonomy":"post_tag","embeddable":true,"href":"https:\/\/tv-tregor.com\/web-precedent\/wp-json\/wp\/v2\/tags?post=648"}],"curies":[{"name":"wp","href":"https:\/\/api.w.org\/{rel}","templated":true}]}}