{"id":641,"date":"2013-04-03T11:05:24","date_gmt":"2013-04-03T10:05:24","guid":{"rendered":"http:\/\/tv-tregor.com\/web-precedent\/2013\/04\/03\/la-langue-bretonne-au-forum-des-metiers-205\/"},"modified":"2016-01-15T09:32:44","modified_gmt":"2016-01-15T08:32:44","slug":"la-langue-bretonne-au-forum-des-metiers-205","status":"publish","type":"post","link":"https:\/\/tv-tregor.com\/web-precedent\/2013\/04\/03\/la-langue-bretonne-au-forum-des-metiers-205\/","title":{"rendered":"La langue bretonne au Forum des m\u00e9tiers &#8211; 2&rsquo;05\u00a0\u00bb"},"content":{"rendered":"<p><a title=\"Regarder le document vid\u00e9o\" href=\"https:\/\/tv-tregor.com\/web-precedent\/www\/streams\/forum-metiers.html\"> Regarder le document vid\u00e9o<\/a><\/p>\n<h2>\n<img decoding=\"async\" src=\"https:\/\/tv-tregor.com\/web-precedent\/IMG\/jpg\/forum-metiers-g.jpg\" alt=\"forum-metiers-g.jpg\" align=\"center\" \/><\/p>\n<p>Plus de vingt bretonnants animaient , le samedi 23 mars, le forum des m\u00e9tiers organis\u00e9 au Lyc\u00e9e Le Dantec par l\u2019association <strong>Div Yezh Lannuon<\/strong> \u00e0 l\u2019occasion des trente ans de la fili\u00e8re bilingue breton-fran\u00e7ais cr\u00e9\u00e9e en 1983 dans l\u2019enseignement public. Et la f\u00eate continue \u00e0 la salle des Ursulines, samedi 13 avril avec un grand fest-noz et dimanche 14 avril avec un hommage \u00e0 Soazig Noblet (une chorale de 150 enfants sur sc\u00e8ne) et par des ateliers en langue bretonne ouverts \u00e0 tous. Reportage r\u00e9alis\u00e9 par Antoine Pocry, \u00e9tudiant en journalisme \u00e0 l\u2019IUT assist\u00e9 de Willy Moncoiff\u00e9 , \u00e9galement \u00e9tudiant en journalisme \u00e0 l\u2019IUT. dur\u00e9e : 2&rsquo;05 &#8211; mars\/avril 2013<\/h2>\n","protected":false},"excerpt":{"rendered":"<p><a title=\"Regarder le document vid\u00e9o\" href=\"https:\/\/tv-tregor.com\/web-precedent\/www\/streams\/forum-metiers.html\"> Regarder le document vid\u00e9o<\/a><\/p>\n<h2> <img decoding=\"async\" src=\"https:\/\/tv-tregor.com\/web-precedent\/IMG\/jpg\/forum-metiers-g.jpg\" alt=\"forum-metiers-g.jpg\" align=\"center\" \/><\/p>\n<p>Plus de vingt bretonnants animaient , le samedi 23 mars, le forum des m\u00e9tiers organis\u00e9 au Lyc\u00e9e Le Dantec par l\u2019association <strong>Div Yezh  \u2026  <a href=\"https:\/\/tv-tregor.com\/web-precedent\/2013\/04\/03\/la-langue-bretonne-au-forum-des-metiers-205\/\">&#8230;lire le sujet&#8230; <span class=\"meta-nav\">&rarr; <\/span><\/a><\/p>\n","protected":false},"author":1,"featured_media":0,"comment_status":"open","ping_status":"open","sticky":false,"template":"","format":"standard","meta":{"footnotes":""},"categories":[50],"tags":[],"class_list":["post-641","post","type-post","status-publish","format-standard","hentry","category-nos-dernieres-videos"],"_links":{"self":[{"href":"https:\/\/tv-tregor.com\/web-precedent\/wp-json\/wp\/v2\/posts\/641","targetHints":{"allow":["GET"]}}],"collection":[{"href":"https:\/\/tv-tregor.com\/web-precedent\/wp-json\/wp\/v2\/posts"}],"about":[{"href":"https:\/\/tv-tregor.com\/web-precedent\/wp-json\/wp\/v2\/types\/post"}],"author":[{"embeddable":true,"href":"https:\/\/tv-tregor.com\/web-precedent\/wp-json\/wp\/v2\/users\/1"}],"replies":[{"embeddable":true,"href":"https:\/\/tv-tregor.com\/web-precedent\/wp-json\/wp\/v2\/comments?post=641"}],"version-history":[{"count":1,"href":"https:\/\/tv-tregor.com\/web-precedent\/wp-json\/wp\/v2\/posts\/641\/revisions"}],"predecessor-version":[{"id":767,"href":"https:\/\/tv-tregor.com\/web-precedent\/wp-json\/wp\/v2\/posts\/641\/revisions\/767"}],"wp:attachment":[{"href":"https:\/\/tv-tregor.com\/web-precedent\/wp-json\/wp\/v2\/media?parent=641"}],"wp:term":[{"taxonomy":"category","embeddable":true,"href":"https:\/\/tv-tregor.com\/web-precedent\/wp-json\/wp\/v2\/categories?post=641"},{"taxonomy":"post_tag","embeddable":true,"href":"https:\/\/tv-tregor.com\/web-precedent\/wp-json\/wp\/v2\/tags?post=641"}],"curies":[{"name":"wp","href":"https:\/\/api.w.org\/{rel}","templated":true}]}}