{"id":640,"date":"2013-03-26T15:54:30","date_gmt":"2013-03-26T14:54:30","guid":{"rendered":"http:\/\/tv-tregor.com\/web-precedent\/2013\/03\/26\/flash-back-armoricourt-1136\/"},"modified":"2016-01-15T09:34:46","modified_gmt":"2016-01-15T08:34:46","slug":"flash-back-armoricourt-1136","status":"publish","type":"post","link":"https:\/\/tv-tregor.com\/web-precedent\/2013\/03\/26\/flash-back-armoricourt-1136\/","title":{"rendered":"Flash-back Armoricourt &#8211; 11&rsquo;36\u00a0\u00bb"},"content":{"rendered":"<p><a title=\"Regarder la video\" href=\"https:\/\/tv-tregor.com\/web-precedent\/www\/streams\/armoricourt.html\">Regarder la video<\/a><\/p>\n<h2>\n<img decoding=\"async\" src=\"https:\/\/tv-tregor.com\/web-precedent\/IMG\/jpg\/armoricourt-g.jpg\" alt=\"armoricourt-g.jpg\" align=\"center\" \/><\/p>\n<p>Le Festival Armoricourt vient de refermer son rideau rouge sur une \u00e9dition 5 tr\u00e8s riche en courts m\u00e9trages remarquables et en \u00e9changes entre les participants, le jury et le public. Un \u00e9v\u00e9nement de qualit\u00e9 qui a fait salle comble le samedi soir. R\u00e9sum\u00e9 film\u00e9 de la manifestation sur TV-Tregor.com Reportage de 11&rsquo;36\u00a0\u00bb R\u00e9alisation : Olga Giteau et Jean-Dominique Gauthier<\/h2>\n","protected":false},"excerpt":{"rendered":"<p><a title=\"Regarder la video\" href=\"https:\/\/tv-tregor.com\/web-precedent\/www\/streams\/armoricourt.html\">Regarder la video<\/a><\/p>\n<h2> <img decoding=\"async\" src=\"https:\/\/tv-tregor.com\/web-precedent\/IMG\/jpg\/armoricourt-g.jpg\" alt=\"armoricourt-g.jpg\" align=\"center\" \/><\/p>\n<p>Le Festival Armoricourt vient de refermer son rideau rouge sur une \u00e9dition 5 tr\u00e8s riche en courts m\u00e9trages remarquables et en \u00e9changes entre les participants, le  \u2026  <a href=\"https:\/\/tv-tregor.com\/web-precedent\/2013\/03\/26\/flash-back-armoricourt-1136\/\">&#8230;lire le sujet&#8230; <span class=\"meta-nav\">&rarr; <\/span><\/a><\/p>\n","protected":false},"author":1,"featured_media":0,"comment_status":"open","ping_status":"open","sticky":false,"template":"","format":"standard","meta":{"footnotes":""},"categories":[50],"tags":[],"class_list":["post-640","post","type-post","status-publish","format-standard","hentry","category-nos-dernieres-videos"],"_links":{"self":[{"href":"https:\/\/tv-tregor.com\/web-precedent\/wp-json\/wp\/v2\/posts\/640","targetHints":{"allow":["GET"]}}],"collection":[{"href":"https:\/\/tv-tregor.com\/web-precedent\/wp-json\/wp\/v2\/posts"}],"about":[{"href":"https:\/\/tv-tregor.com\/web-precedent\/wp-json\/wp\/v2\/types\/post"}],"author":[{"embeddable":true,"href":"https:\/\/tv-tregor.com\/web-precedent\/wp-json\/wp\/v2\/users\/1"}],"replies":[{"embeddable":true,"href":"https:\/\/tv-tregor.com\/web-precedent\/wp-json\/wp\/v2\/comments?post=640"}],"version-history":[{"count":1,"href":"https:\/\/tv-tregor.com\/web-precedent\/wp-json\/wp\/v2\/posts\/640\/revisions"}],"predecessor-version":[{"id":769,"href":"https:\/\/tv-tregor.com\/web-precedent\/wp-json\/wp\/v2\/posts\/640\/revisions\/769"}],"wp:attachment":[{"href":"https:\/\/tv-tregor.com\/web-precedent\/wp-json\/wp\/v2\/media?parent=640"}],"wp:term":[{"taxonomy":"category","embeddable":true,"href":"https:\/\/tv-tregor.com\/web-precedent\/wp-json\/wp\/v2\/categories?post=640"},{"taxonomy":"post_tag","embeddable":true,"href":"https:\/\/tv-tregor.com\/web-precedent\/wp-json\/wp\/v2\/tags?post=640"}],"curies":[{"name":"wp","href":"https:\/\/api.w.org\/{rel}","templated":true}]}}