{"id":637,"date":"2013-03-05T23:11:43","date_gmt":"2013-03-05T22:11:43","guid":{"rendered":"http:\/\/tv-tregor.com\/web-precedent\/2013\/03\/05\/quel-temps-auront-nos-enfants-523\/"},"modified":"2016-01-15T09:35:52","modified_gmt":"2016-01-15T08:35:52","slug":"quel-temps-auront-nos-enfants-523","status":"publish","type":"post","link":"https:\/\/tv-tregor.com\/web-precedent\/2013\/03\/05\/quel-temps-auront-nos-enfants-523\/","title":{"rendered":"Quel temps auront nos enfants? &#8211; 5&rsquo;23\u00a0\u00bb"},"content":{"rendered":"<p><a title=\"Regarder le sujet\" href=\"https:\/\/tv-tregor.com\/web-precedent\/www\/streams\/climat-flv.html\">Regarder la vid\u00e9o <\/a><\/p>\n<h2>\n<img decoding=\"async\" src=\"https:\/\/tv-tregor.com\/web-precedent\/IMG\/jpg\/photo-VMD-g.jpg\" alt=\"photo-VMD-g.jpg\" align=\"center\" \/><\/p>\n<p>Interview de Val\u00e9rie Masson Delmotte, pal\u00e9oclimatologue\u2026 Val\u00e9rie Masson Delmotte est directrice de recherche au laboratoire de la science du climat et de l&rsquo;environnement (LSCE) Auteur de nombreux ouvrages et publications scientifiques, elle coordonne actuellement un chapitre d\u00e9di\u00e9 \u00e0 l&rsquo;\u00e9tat de la science su syst\u00e8me climatologique pour le cinqui\u00e8me rapport du groupe d&rsquo;experts intergouvernemental sur l&rsquo;\u00e9volution du climat (GIEC) . Le 5 f\u00e9vrier dernier, au Carr\u00e9 Magique de Lannion, elle a d\u00e9velopp\u00e9 lors d&rsquo;une conf\u00e9rence organis\u00e9e par le groupe \u00ab\u00a0Rencontres\u00a0\u00bb l&rsquo;\u00e9tat des \u00e9tudes en cours et les \u00e9volutions pr\u00e9visibles : r\u00e9chauffement de la plan\u00e8te, impact des gaz \u00e0 effet de serre, cons\u00e9quences de ces changements climatiques et besoins de s&rsquo;y adapter\u2026 R\u00e9alisation: Yannick Montreuil &#8211; dur\u00e9e 5&rsquo;23\u00a0\u00bb F\u00e9vrier 2013<\/h2>\n","protected":false},"excerpt":{"rendered":"<p><a title=\"Regarder le sujet\" href=\"https:\/\/tv-tregor.com\/web-precedent\/www\/streams\/climat-flv.html\">Regarder la vid\u00e9o <\/a><\/p>\n<h2> <img decoding=\"async\" src=\"https:\/\/tv-tregor.com\/web-precedent\/IMG\/jpg\/photo-VMD-g.jpg\" alt=\"photo-VMD-g.jpg\" align=\"center\" \/><\/p>\n<p>Interview de Val\u00e9rie Masson Delmotte, pal\u00e9oclimatologue\u2026 Val\u00e9rie Masson Delmotte est directrice de recherche au laboratoire de la science du climat et de l&rsquo;environnement (LSCE) Auteur  \u2026  <a href=\"https:\/\/tv-tregor.com\/web-precedent\/2013\/03\/05\/quel-temps-auront-nos-enfants-523\/\">&#8230;lire le sujet&#8230; <span class=\"meta-nav\">&rarr; <\/span><\/a><\/p>\n","protected":false},"author":1,"featured_media":0,"comment_status":"open","ping_status":"open","sticky":false,"template":"","format":"standard","meta":{"footnotes":""},"categories":[50],"tags":[],"class_list":["post-637","post","type-post","status-publish","format-standard","hentry","category-nos-dernieres-videos"],"_links":{"self":[{"href":"https:\/\/tv-tregor.com\/web-precedent\/wp-json\/wp\/v2\/posts\/637","targetHints":{"allow":["GET"]}}],"collection":[{"href":"https:\/\/tv-tregor.com\/web-precedent\/wp-json\/wp\/v2\/posts"}],"about":[{"href":"https:\/\/tv-tregor.com\/web-precedent\/wp-json\/wp\/v2\/types\/post"}],"author":[{"embeddable":true,"href":"https:\/\/tv-tregor.com\/web-precedent\/wp-json\/wp\/v2\/users\/1"}],"replies":[{"embeddable":true,"href":"https:\/\/tv-tregor.com\/web-precedent\/wp-json\/wp\/v2\/comments?post=637"}],"version-history":[{"count":1,"href":"https:\/\/tv-tregor.com\/web-precedent\/wp-json\/wp\/v2\/posts\/637\/revisions"}],"predecessor-version":[{"id":772,"href":"https:\/\/tv-tregor.com\/web-precedent\/wp-json\/wp\/v2\/posts\/637\/revisions\/772"}],"wp:attachment":[{"href":"https:\/\/tv-tregor.com\/web-precedent\/wp-json\/wp\/v2\/media?parent=637"}],"wp:term":[{"taxonomy":"category","embeddable":true,"href":"https:\/\/tv-tregor.com\/web-precedent\/wp-json\/wp\/v2\/categories?post=637"},{"taxonomy":"post_tag","embeddable":true,"href":"https:\/\/tv-tregor.com\/web-precedent\/wp-json\/wp\/v2\/tags?post=637"}],"curies":[{"name":"wp","href":"https:\/\/api.w.org\/{rel}","templated":true}]}}