{"id":636,"date":"2013-02-27T11:44:35","date_gmt":"2013-02-27T10:44:35","guid":{"rendered":"http:\/\/tv-tregor.com\/web-precedent\/2013\/02\/27\/marc-roger-lecteur-marcheur-la-meridienne-saint-malo-bamako-1505\/"},"modified":"2016-01-15T09:38:41","modified_gmt":"2016-01-15T08:38:41","slug":"marc-roger-lecteur-marcheur-la-meridienne-saint-malo-bamako-1505","status":"publish","type":"post","link":"https:\/\/tv-tregor.com\/web-precedent\/2013\/02\/27\/marc-roger-lecteur-marcheur-la-meridienne-saint-malo-bamako-1505\/","title":{"rendered":"Marc ROGER, lecteur &#8211; marcheur : la M\u00e9ridienne Saint Malo &#8211; Bamako&#8230; &#8211; 15&rsquo;05\u00a0\u00bb"},"content":{"rendered":"<p><a title=\"Regarder le sujet\" href=\"https:\/\/tv-tregor.com\/web-precedent\/www\/streams\/marc-roger-flv.html\">Regarder la vid\u00e9o <\/a><\/p>\n<h2>\n<img decoding=\"async\" src=\"https:\/\/tv-tregor.com\/web-precedent\/IMG\/jpg\/logo-marc-roger-g.jpg\" alt=\"logo-marc-roger-g.jpg\" align=\"center\" \/><\/p>\n<p>Marc Roger a pr\u00e9sent\u00e9 \u00e0 la M\u00e9diath\u00e8que de Lannion son dernier r\u00e9cit de voyages. Marc Roger est lecteur public. Accompagn\u00e9 d\u2019un \u00e2ne, Babel, charg\u00e9 de livres qu\u2019il a lus le long de son chemin, Marc Roger a travers\u00e9 la France, l\u2019Espagne, le Maroc, la M\u00e9diterran\u00e9e, et puis l\u2019Afrique, jusqu\u2019\u00e0 Bamako&#8230;. R\u00e9alisation : Daniel George &#8211; Dur\u00e9e : 15&rsquo;05\u00a0\u00bb<\/h2>\n","protected":false},"excerpt":{"rendered":"<p><a title=\"Regarder le sujet\" href=\"https:\/\/tv-tregor.com\/web-precedent\/www\/streams\/marc-roger-flv.html\">Regarder la vid\u00e9o <\/a><\/p>\n<h2> <img decoding=\"async\" src=\"https:\/\/tv-tregor.com\/web-precedent\/IMG\/jpg\/logo-marc-roger-g.jpg\" alt=\"logo-marc-roger-g.jpg\" align=\"center\" \/><\/p>\n<p>Marc Roger a pr\u00e9sent\u00e9 \u00e0 la M\u00e9diath\u00e8que de Lannion son dernier r\u00e9cit de voyages. Marc Roger est lecteur public. Accompagn\u00e9 d\u2019un \u00e2ne, Babel, charg\u00e9 de  \u2026  <a href=\"https:\/\/tv-tregor.com\/web-precedent\/2013\/02\/27\/marc-roger-lecteur-marcheur-la-meridienne-saint-malo-bamako-1505\/\">&#8230;lire le sujet&#8230; <span class=\"meta-nav\">&rarr; <\/span><\/a><\/p>\n","protected":false},"author":1,"featured_media":0,"comment_status":"open","ping_status":"open","sticky":false,"template":"","format":"standard","meta":{"footnotes":""},"categories":[50],"tags":[],"class_list":["post-636","post","type-post","status-publish","format-standard","hentry","category-nos-dernieres-videos"],"_links":{"self":[{"href":"https:\/\/tv-tregor.com\/web-precedent\/wp-json\/wp\/v2\/posts\/636","targetHints":{"allow":["GET"]}}],"collection":[{"href":"https:\/\/tv-tregor.com\/web-precedent\/wp-json\/wp\/v2\/posts"}],"about":[{"href":"https:\/\/tv-tregor.com\/web-precedent\/wp-json\/wp\/v2\/types\/post"}],"author":[{"embeddable":true,"href":"https:\/\/tv-tregor.com\/web-precedent\/wp-json\/wp\/v2\/users\/1"}],"replies":[{"embeddable":true,"href":"https:\/\/tv-tregor.com\/web-precedent\/wp-json\/wp\/v2\/comments?post=636"}],"version-history":[{"count":1,"href":"https:\/\/tv-tregor.com\/web-precedent\/wp-json\/wp\/v2\/posts\/636\/revisions"}],"predecessor-version":[{"id":773,"href":"https:\/\/tv-tregor.com\/web-precedent\/wp-json\/wp\/v2\/posts\/636\/revisions\/773"}],"wp:attachment":[{"href":"https:\/\/tv-tregor.com\/web-precedent\/wp-json\/wp\/v2\/media?parent=636"}],"wp:term":[{"taxonomy":"category","embeddable":true,"href":"https:\/\/tv-tregor.com\/web-precedent\/wp-json\/wp\/v2\/categories?post=636"},{"taxonomy":"post_tag","embeddable":true,"href":"https:\/\/tv-tregor.com\/web-precedent\/wp-json\/wp\/v2\/tags?post=636"}],"curies":[{"name":"wp","href":"https:\/\/api.w.org\/{rel}","templated":true}]}}