{"id":632,"date":"2013-01-30T10:19:52","date_gmt":"2013-01-30T09:19:52","guid":{"rendered":"http:\/\/tv-tregor.com\/web-precedent\/2013\/01\/30\/georges-et-zahir-manoir-elfique-19-janvier-2013-835\/"},"modified":"2016-01-15T09:40:46","modified_gmt":"2016-01-15T08:40:46","slug":"georges-et-zahir-manoir-elfique-19-janvier-2013-835","status":"publish","type":"post","link":"https:\/\/tv-tregor.com\/web-precedent\/2013\/01\/30\/georges-et-zahir-manoir-elfique-19-janvier-2013-835\/","title":{"rendered":"GEORGES et ZAHIR &#8211; Manoir Elfique 19 Janvier 2013 &#8211; 8&rsquo;35\u00a0\u00bb"},"content":{"rendered":"<p><a title=\"Regarder le sujet\" href=\"https:\/\/tv-tregor.com\/web-precedent\/www\/streams\/georges-zahir.html\">Regarder la vid\u00e9o <\/a><\/p>\n<h2><\/h2>\n<h2><img decoding=\"async\" src=\"https:\/\/tv-tregor.com\/web-precedent\/IMG\/jpg\/logo-georges-zahir-g.jpg\" alt=\"logo-georges-zahir-g.jpg\" align=\"center\" \/><\/p>\n<p>Le manoir Elfique \u00e0 Ploulec&rsquo;h accueillait le duo Georges et Zahir : Guitare, violon et chant. Une musique multi influences aux sonorit\u00e9s \u00e9nergiques. Une occasion pour OAI de s&rsquo;interroger sur le statut de l&rsquo;intermittence du spectacle. retour sur cet \u00e9v\u00e9nement &#8230; R\u00e9alisation : Fabrice Depil &#8211; Dur\u00e9e : 8&rsquo;35\u00a0\u00bb<\/h2>\n","protected":false},"excerpt":{"rendered":"<p><a title=\"Regarder le sujet\" href=\"https:\/\/tv-tregor.com\/web-precedent\/www\/streams\/georges-zahir.html\">Regarder la vid\u00e9o <\/a><\/p>\n<h2><\/h2>\n<h2><img decoding=\"async\" src=\"https:\/\/tv-tregor.com\/web-precedent\/IMG\/jpg\/logo-georges-zahir-g.jpg\" alt=\"logo-georges-zahir-g.jpg\" align=\"center\" \/><\/p>\n<p>Le manoir Elfique \u00e0 Ploulec&rsquo;h accueillait le duo Georges et Zahir : Guitare, violon et chant. Une musique multi influences aux sonorit\u00e9s \u00e9nergiques. Une occasion  \u2026  <a href=\"https:\/\/tv-tregor.com\/web-precedent\/2013\/01\/30\/georges-et-zahir-manoir-elfique-19-janvier-2013-835\/\">&#8230;lire le sujet&#8230; <span class=\"meta-nav\">&rarr; <\/span><\/a><\/p>\n","protected":false},"author":1,"featured_media":0,"comment_status":"open","ping_status":"open","sticky":false,"template":"","format":"standard","meta":{"footnotes":""},"categories":[50],"tags":[],"class_list":["post-632","post","type-post","status-publish","format-standard","hentry","category-nos-dernieres-videos"],"_links":{"self":[{"href":"https:\/\/tv-tregor.com\/web-precedent\/wp-json\/wp\/v2\/posts\/632","targetHints":{"allow":["GET"]}}],"collection":[{"href":"https:\/\/tv-tregor.com\/web-precedent\/wp-json\/wp\/v2\/posts"}],"about":[{"href":"https:\/\/tv-tregor.com\/web-precedent\/wp-json\/wp\/v2\/types\/post"}],"author":[{"embeddable":true,"href":"https:\/\/tv-tregor.com\/web-precedent\/wp-json\/wp\/v2\/users\/1"}],"replies":[{"embeddable":true,"href":"https:\/\/tv-tregor.com\/web-precedent\/wp-json\/wp\/v2\/comments?post=632"}],"version-history":[{"count":1,"href":"https:\/\/tv-tregor.com\/web-precedent\/wp-json\/wp\/v2\/posts\/632\/revisions"}],"predecessor-version":[{"id":777,"href":"https:\/\/tv-tregor.com\/web-precedent\/wp-json\/wp\/v2\/posts\/632\/revisions\/777"}],"wp:attachment":[{"href":"https:\/\/tv-tregor.com\/web-precedent\/wp-json\/wp\/v2\/media?parent=632"}],"wp:term":[{"taxonomy":"category","embeddable":true,"href":"https:\/\/tv-tregor.com\/web-precedent\/wp-json\/wp\/v2\/categories?post=632"},{"taxonomy":"post_tag","embeddable":true,"href":"https:\/\/tv-tregor.com\/web-precedent\/wp-json\/wp\/v2\/tags?post=632"}],"curies":[{"name":"wp","href":"https:\/\/api.w.org\/{rel}","templated":true}]}}