{"id":631,"date":"2013-01-23T14:13:08","date_gmt":"2013-01-23T13:13:08","guid":{"rendered":"http:\/\/tv-tregor.com\/web-precedent\/2013\/01\/23\/fest-noz-bras-fin-ar-bloaz-lannion-le-28-decembre-2012-1412\/"},"modified":"2016-01-15T09:41:06","modified_gmt":"2016-01-15T08:41:06","slug":"fest-noz-bras-fin-ar-bloaz-lannion-le-28-decembre-2012-1412","status":"publish","type":"post","link":"https:\/\/tv-tregor.com\/web-precedent\/2013\/01\/23\/fest-noz-bras-fin-ar-bloaz-lannion-le-28-decembre-2012-1412\/","title":{"rendered":"Fest noz bras \u00ab\u00a0Fin ar Bloaz\u00a0\u00bb &#8211; Lannion le 28 D\u00e9cembre 2012 &#8211; 14&rsquo;12\u00a0\u00bb"},"content":{"rendered":"<p><a title=\"Regarder le sujet\" href=\"https:\/\/tv-tregor.com\/web-precedent\/www\/streams\/fest-noz-tu.html\">Regarder la vid\u00e9o <\/a><\/p>\n<h2>\n<img decoding=\"async\" src=\"https:\/\/tv-tregor.com\/web-precedent\/IMG\/jpg\/fest-noz-tu-logo-g.jpg\" alt=\"fest-noz-tu-logo-g.jpg\" align=\"center\" \/><\/p>\n<p>Organis\u00e9 depuis plus de 10 ans, le grand fest-noz qui se tient entre les f\u00eates de fin d&rsquo;ann\u00e9e aux Ursulines permet \u00e0 l&rsquo;association \u00ab\u00a0Terre d&rsquo;Union\u00a0\u00bb de poursuivre ses actions en faveur des enfants de Quito. Avec 4 groupes et plus de 1200 danseurs, l&rsquo;\u00e9dition 2012 a tenu ses promesses&#8230; R\u00e9alisation : Daniel George &#8211; Dur\u00e9e : 14&rsquo;12\u00a0\u00bb<\/h2>\n","protected":false},"excerpt":{"rendered":"<p><a title=\"Regarder le sujet\" href=\"https:\/\/tv-tregor.com\/web-precedent\/www\/streams\/fest-noz-tu.html\">Regarder la vid\u00e9o <\/a><\/p>\n<h2> <img decoding=\"async\" src=\"https:\/\/tv-tregor.com\/web-precedent\/IMG\/jpg\/fest-noz-tu-logo-g.jpg\" alt=\"fest-noz-tu-logo-g.jpg\" align=\"center\" \/><\/p>\n<p>Organis\u00e9 depuis plus de 10 ans, le grand fest-noz qui se tient entre les f\u00eates de fin d&rsquo;ann\u00e9e aux Ursulines permet \u00e0 l&rsquo;association \u00ab\u00a0Terre d&rsquo;Union\u00a0\u00bb  \u2026  <a href=\"https:\/\/tv-tregor.com\/web-precedent\/2013\/01\/23\/fest-noz-bras-fin-ar-bloaz-lannion-le-28-decembre-2012-1412\/\">&#8230;lire le sujet&#8230; <span class=\"meta-nav\">&rarr; <\/span><\/a><\/p>\n","protected":false},"author":1,"featured_media":0,"comment_status":"open","ping_status":"open","sticky":false,"template":"","format":"standard","meta":{"footnotes":""},"categories":[50],"tags":[],"class_list":["post-631","post","type-post","status-publish","format-standard","hentry","category-nos-dernieres-videos"],"_links":{"self":[{"href":"https:\/\/tv-tregor.com\/web-precedent\/wp-json\/wp\/v2\/posts\/631","targetHints":{"allow":["GET"]}}],"collection":[{"href":"https:\/\/tv-tregor.com\/web-precedent\/wp-json\/wp\/v2\/posts"}],"about":[{"href":"https:\/\/tv-tregor.com\/web-precedent\/wp-json\/wp\/v2\/types\/post"}],"author":[{"embeddable":true,"href":"https:\/\/tv-tregor.com\/web-precedent\/wp-json\/wp\/v2\/users\/1"}],"replies":[{"embeddable":true,"href":"https:\/\/tv-tregor.com\/web-precedent\/wp-json\/wp\/v2\/comments?post=631"}],"version-history":[{"count":1,"href":"https:\/\/tv-tregor.com\/web-precedent\/wp-json\/wp\/v2\/posts\/631\/revisions"}],"predecessor-version":[{"id":778,"href":"https:\/\/tv-tregor.com\/web-precedent\/wp-json\/wp\/v2\/posts\/631\/revisions\/778"}],"wp:attachment":[{"href":"https:\/\/tv-tregor.com\/web-precedent\/wp-json\/wp\/v2\/media?parent=631"}],"wp:term":[{"taxonomy":"category","embeddable":true,"href":"https:\/\/tv-tregor.com\/web-precedent\/wp-json\/wp\/v2\/categories?post=631"},{"taxonomy":"post_tag","embeddable":true,"href":"https:\/\/tv-tregor.com\/web-precedent\/wp-json\/wp\/v2\/tags?post=631"}],"curies":[{"name":"wp","href":"https:\/\/api.w.org\/{rel}","templated":true}]}}