{"id":630,"date":"2013-01-16T10:01:58","date_gmt":"2013-01-16T09:01:58","guid":{"rendered":"http:\/\/tv-tregor.com\/web-precedent\/2013\/01\/16\/fete-de-la-science-labret-et-ses-missions-231\/"},"modified":"2016-01-15T09:41:28","modified_gmt":"2016-01-15T08:41:28","slug":"fete-de-la-science-labret-et-ses-missions-231","status":"publish","type":"post","link":"https:\/\/tv-tregor.com\/web-precedent\/2013\/01\/16\/fete-de-la-science-labret-et-ses-missions-231\/","title":{"rendered":"F\u00eate de la Science &#8211; L&rsquo;ABRET et ses missions &#8211; 2&rsquo;31\u00a0\u00bb"},"content":{"rendered":"<p><a title=\"Regarder le document vid\u00e9o\" href=\"https:\/\/tv-tregor.com\/web-precedent\/www\/streams\/fete-science-abret.html\"> Regarder le document vid\u00e9o<\/a><\/p>\n<h2>\n<img decoding=\"async\" src=\"https:\/\/tv-tregor.com\/web-precedent\/IMG\/jpg\/fdls-abret-g.jpg\" alt=\"fdls-abret-g.jpg\" align=\"center\" \/><\/p>\n<p>Retour sur la F\u00eate de la Science d&rsquo;octobre 2012, au Parc du Rad\u00f4me, en compagnie de <strong>Victor Riche<\/strong> qui explique \u00e0 notre reporter, Olga Giteau, les missions de l&rsquo;ABRET, Centre de culture scientifique, technique et industrielle. La culture scientifique a, en effet, grand besoin d&rsquo;\u00eatre promue. L&rsquo;ABRET a pour mission de la vulgariser via des animations tourn\u00e9es vers le grand public. Explications en images sur TV-Tregor.com &#8230; Dur\u00e9e : 2&rsquo;31\u00a0\u00bb R\u00e9alisation Olga Giteau avec : Fabrice Depil, Yannick Montreuil, Bernard Piquet, Jean-Piere Gourjux, Jean-Claude Dubois, Pierre Lavanant<\/h2>\n","protected":false},"excerpt":{"rendered":"<p><a title=\"Regarder le document vid\u00e9o\" href=\"https:\/\/tv-tregor.com\/web-precedent\/www\/streams\/fete-science-abret.html\"> Regarder le document vid\u00e9o<\/a><\/p>\n<h2> <img decoding=\"async\" src=\"https:\/\/tv-tregor.com\/web-precedent\/IMG\/jpg\/fdls-abret-g.jpg\" alt=\"fdls-abret-g.jpg\" align=\"center\" \/><\/p>\n<p>Retour sur la F\u00eate de la Science d&rsquo;octobre 2012, au Parc du Rad\u00f4me, en compagnie de <strong>Victor Riche<\/strong> qui explique \u00e0 notre reporter,  \u2026  <a href=\"https:\/\/tv-tregor.com\/web-precedent\/2013\/01\/16\/fete-de-la-science-labret-et-ses-missions-231\/\">&#8230;lire le sujet&#8230; <span class=\"meta-nav\">&rarr; <\/span><\/a><\/p>\n","protected":false},"author":1,"featured_media":0,"comment_status":"open","ping_status":"open","sticky":false,"template":"","format":"standard","meta":{"footnotes":""},"categories":[50],"tags":[],"class_list":["post-630","post","type-post","status-publish","format-standard","hentry","category-nos-dernieres-videos"],"_links":{"self":[{"href":"https:\/\/tv-tregor.com\/web-precedent\/wp-json\/wp\/v2\/posts\/630","targetHints":{"allow":["GET"]}}],"collection":[{"href":"https:\/\/tv-tregor.com\/web-precedent\/wp-json\/wp\/v2\/posts"}],"about":[{"href":"https:\/\/tv-tregor.com\/web-precedent\/wp-json\/wp\/v2\/types\/post"}],"author":[{"embeddable":true,"href":"https:\/\/tv-tregor.com\/web-precedent\/wp-json\/wp\/v2\/users\/1"}],"replies":[{"embeddable":true,"href":"https:\/\/tv-tregor.com\/web-precedent\/wp-json\/wp\/v2\/comments?post=630"}],"version-history":[{"count":1,"href":"https:\/\/tv-tregor.com\/web-precedent\/wp-json\/wp\/v2\/posts\/630\/revisions"}],"predecessor-version":[{"id":779,"href":"https:\/\/tv-tregor.com\/web-precedent\/wp-json\/wp\/v2\/posts\/630\/revisions\/779"}],"wp:attachment":[{"href":"https:\/\/tv-tregor.com\/web-precedent\/wp-json\/wp\/v2\/media?parent=630"}],"wp:term":[{"taxonomy":"category","embeddable":true,"href":"https:\/\/tv-tregor.com\/web-precedent\/wp-json\/wp\/v2\/categories?post=630"},{"taxonomy":"post_tag","embeddable":true,"href":"https:\/\/tv-tregor.com\/web-precedent\/wp-json\/wp\/v2\/tags?post=630"}],"curies":[{"name":"wp","href":"https:\/\/api.w.org\/{rel}","templated":true}]}}