{"id":629,"date":"2013-01-09T15:48:05","date_gmt":"2013-01-09T14:48:05","guid":{"rendered":"http:\/\/tv-tregor.com\/web-precedent\/2013\/01\/09\/daniel-mell-et-les-splendeurs-de-la-nature-438\/"},"modified":"2016-01-15T09:41:55","modified_gmt":"2016-01-15T08:41:55","slug":"daniel-mell-et-les-splendeurs-de-la-nature-438","status":"publish","type":"post","link":"https:\/\/tv-tregor.com\/web-precedent\/2013\/01\/09\/daniel-mell-et-les-splendeurs-de-la-nature-438\/","title":{"rendered":"Daniel Mell et les splendeurs de la nature &#8211; 4&rsquo;38\u00a0\u00bb"},"content":{"rendered":"<p><a title=\" Regarder le document vid\u00e9o\" href=\"https:\/\/tv-tregor.com\/web-precedent\/www\/streams\/expo-d-mell.html\"> Regarder le document vid\u00e9o<\/a><\/p>\n<h2>\n<img decoding=\"async\" src=\"https:\/\/tv-tregor.com\/web-precedent\/IMG\/jpg\/expo-Daniel-mell-g.jpg\" alt=\"expo-Daniel-mell-g.jpg\" align=\"center\" \/><\/p>\n<p>En d\u00e9cembre, <strong>Penvenan<\/strong> accueillait <strong>Daniel Mell<\/strong> pour son exposition photographique <strong>\u00ab\u00a0Splendeurs de la nature\u00a0\u00bb<\/strong>. Un voyage en images de Port-Blanc au lointain Arizona. Des clich\u00e9s soign\u00e9s mettant en avant les beaut\u00e9s naturelles des paysages dans toute leur diversit\u00e9 : terres sauvages, zones arides et bord de mer. R\u00e9trospective sur TV-Tregor.com. dur\u00e9e : 4\u201938 R\u00e9alisation : Fabrice Depil<\/h2>\n","protected":false},"excerpt":{"rendered":"<p><a title=\" Regarder le document vid\u00e9o\" href=\"https:\/\/tv-tregor.com\/web-precedent\/www\/streams\/expo-d-mell.html\"> Regarder le document vid\u00e9o<\/a><\/p>\n<h2> <img decoding=\"async\" src=\"https:\/\/tv-tregor.com\/web-precedent\/IMG\/jpg\/expo-Daniel-mell-g.jpg\" alt=\"expo-Daniel-mell-g.jpg\" align=\"center\" \/><\/p>\n<p>En d\u00e9cembre, <strong>Penvenan<\/strong> accueillait <strong>Daniel Mell<\/strong> pour son exposition photographique <strong>\u00ab\u00a0Splendeurs de la nature\u00a0\u00bb<\/strong>. Un voyage en images de Port-Blanc au lointain  \u2026  <a href=\"https:\/\/tv-tregor.com\/web-precedent\/2013\/01\/09\/daniel-mell-et-les-splendeurs-de-la-nature-438\/\">&#8230;lire le sujet&#8230; <span class=\"meta-nav\">&rarr; <\/span><\/a><\/p>\n","protected":false},"author":1,"featured_media":0,"comment_status":"open","ping_status":"open","sticky":false,"template":"","format":"standard","meta":{"footnotes":""},"categories":[50],"tags":[],"class_list":["post-629","post","type-post","status-publish","format-standard","hentry","category-nos-dernieres-videos"],"_links":{"self":[{"href":"https:\/\/tv-tregor.com\/web-precedent\/wp-json\/wp\/v2\/posts\/629","targetHints":{"allow":["GET"]}}],"collection":[{"href":"https:\/\/tv-tregor.com\/web-precedent\/wp-json\/wp\/v2\/posts"}],"about":[{"href":"https:\/\/tv-tregor.com\/web-precedent\/wp-json\/wp\/v2\/types\/post"}],"author":[{"embeddable":true,"href":"https:\/\/tv-tregor.com\/web-precedent\/wp-json\/wp\/v2\/users\/1"}],"replies":[{"embeddable":true,"href":"https:\/\/tv-tregor.com\/web-precedent\/wp-json\/wp\/v2\/comments?post=629"}],"version-history":[{"count":1,"href":"https:\/\/tv-tregor.com\/web-precedent\/wp-json\/wp\/v2\/posts\/629\/revisions"}],"predecessor-version":[{"id":780,"href":"https:\/\/tv-tregor.com\/web-precedent\/wp-json\/wp\/v2\/posts\/629\/revisions\/780"}],"wp:attachment":[{"href":"https:\/\/tv-tregor.com\/web-precedent\/wp-json\/wp\/v2\/media?parent=629"}],"wp:term":[{"taxonomy":"category","embeddable":true,"href":"https:\/\/tv-tregor.com\/web-precedent\/wp-json\/wp\/v2\/categories?post=629"},{"taxonomy":"post_tag","embeddable":true,"href":"https:\/\/tv-tregor.com\/web-precedent\/wp-json\/wp\/v2\/tags?post=629"}],"curies":[{"name":"wp","href":"https:\/\/api.w.org\/{rel}","templated":true}]}}