{"id":628,"date":"2013-01-02T14:38:39","date_gmt":"2013-01-02T13:38:39","guid":{"rendered":"http:\/\/tv-tregor.com\/web-precedent\/2013\/01\/02\/theatre-en-breton-au-carre-magique-al-liorzhour-140\/"},"modified":"2016-01-15T09:42:16","modified_gmt":"2016-01-15T08:42:16","slug":"theatre-en-breton-au-carre-magique-al-liorzhour-140","status":"publish","type":"post","link":"https:\/\/tv-tregor.com\/web-precedent\/2013\/01\/02\/theatre-en-breton-au-carre-magique-al-liorzhour-140\/","title":{"rendered":"Th\u00e9\u00e2tre en Breton au Carr\u00e9 Magique &#8211; Al Liorzhour &#8211; 1&rsquo;40\u00a0\u00bb"},"content":{"rendered":"<p><a title=\"Regarder le document vid\u00e9o\" href=\"https:\/\/tv-tregor.com\/web-precedent\/www\/streams\/theatre-breton-flv.html\"> Regarder le document vid\u00e9o<\/a><\/p>\n<h2>\n<img decoding=\"async\" src=\"https:\/\/tv-tregor.com\/web-precedent\/IMG\/jpg\/theatre-breton-g.jpg\" alt=\"theatre-breton-g.jpg\" align=\"center\" \/><\/p>\n<p>Al Liorzhour (le jardinier), une pi\u00e8ce du Gallois Mike Kenny, adapt\u00e9e par Thomas Cloarec, s&rsquo;appuie sur une mise en sc\u00e8ne m\u00e8lant le Breton et le Fran\u00e7ais mais aussi tous les cycles de la vie, ce qui en fait un texte poignant et interg\u00e9n\u00e9rationnel. Bref retour sur ce spectacle de la mi-novembre 2012 au Carr\u00e9 Magique dur\u00e9e : 1&rsquo;40\u00a0\u00bb R\u00e9alisation Antoine Pocry<\/h2>\n","protected":false},"excerpt":{"rendered":"<p><a title=\"Regarder le document vid\u00e9o\" href=\"https:\/\/tv-tregor.com\/web-precedent\/www\/streams\/theatre-breton-flv.html\"> Regarder le document vid\u00e9o<\/a><\/p>\n<h2> <img decoding=\"async\" src=\"https:\/\/tv-tregor.com\/web-precedent\/IMG\/jpg\/theatre-breton-g.jpg\" alt=\"theatre-breton-g.jpg\" align=\"center\" \/><\/p>\n<p>Al Liorzhour (le jardinier), une pi\u00e8ce du Gallois Mike Kenny, adapt\u00e9e par Thomas Cloarec, s&rsquo;appuie sur une mise en sc\u00e8ne m\u00e8lant le Breton  \u2026  <a href=\"https:\/\/tv-tregor.com\/web-precedent\/2013\/01\/02\/theatre-en-breton-au-carre-magique-al-liorzhour-140\/\">&#8230;lire le sujet&#8230; <span class=\"meta-nav\">&rarr; <\/span><\/a><\/p>\n","protected":false},"author":1,"featured_media":0,"comment_status":"open","ping_status":"open","sticky":false,"template":"","format":"standard","meta":{"footnotes":""},"categories":[50],"tags":[],"class_list":["post-628","post","type-post","status-publish","format-standard","hentry","category-nos-dernieres-videos"],"_links":{"self":[{"href":"https:\/\/tv-tregor.com\/web-precedent\/wp-json\/wp\/v2\/posts\/628","targetHints":{"allow":["GET"]}}],"collection":[{"href":"https:\/\/tv-tregor.com\/web-precedent\/wp-json\/wp\/v2\/posts"}],"about":[{"href":"https:\/\/tv-tregor.com\/web-precedent\/wp-json\/wp\/v2\/types\/post"}],"author":[{"embeddable":true,"href":"https:\/\/tv-tregor.com\/web-precedent\/wp-json\/wp\/v2\/users\/1"}],"replies":[{"embeddable":true,"href":"https:\/\/tv-tregor.com\/web-precedent\/wp-json\/wp\/v2\/comments?post=628"}],"version-history":[{"count":1,"href":"https:\/\/tv-tregor.com\/web-precedent\/wp-json\/wp\/v2\/posts\/628\/revisions"}],"predecessor-version":[{"id":781,"href":"https:\/\/tv-tregor.com\/web-precedent\/wp-json\/wp\/v2\/posts\/628\/revisions\/781"}],"wp:attachment":[{"href":"https:\/\/tv-tregor.com\/web-precedent\/wp-json\/wp\/v2\/media?parent=628"}],"wp:term":[{"taxonomy":"category","embeddable":true,"href":"https:\/\/tv-tregor.com\/web-precedent\/wp-json\/wp\/v2\/categories?post=628"},{"taxonomy":"post_tag","embeddable":true,"href":"https:\/\/tv-tregor.com\/web-precedent\/wp-json\/wp\/v2\/tags?post=628"}],"curies":[{"name":"wp","href":"https:\/\/api.w.org\/{rel}","templated":true}]}}