{"id":620,"date":"2012-11-15T00:02:00","date_gmt":"2012-11-14T23:02:00","guid":{"rendered":"http:\/\/tv-tregor.com\/web-precedent\/2012\/11\/15\/5e-festival-vent-de-greve-7-octobre-2012-758\/"},"modified":"2016-01-15T10:08:22","modified_gmt":"2016-01-15T09:08:22","slug":"5e-festival-vent-de-greve-7-octobre-2012-758","status":"publish","type":"post","link":"https:\/\/tv-tregor.com\/web-precedent\/2012\/11\/15\/5e-festival-vent-de-greve-7-octobre-2012-758\/","title":{"rendered":"5e Festival \u00ab\u00a0Vent de gr\u00e8ve\u00a0\u00bb &#8211; 7 Octobre 2012 &#8211; 7&rsquo;58\u00a0\u00bb"},"content":{"rendered":"<p><a title=\"Regarder le sujet\" href=\"https:\/\/tv-tregor.com\/web-precedent\/www\/streams\/vent-de-greve.html\">Regarder la vid\u00e9o <\/a><\/p>\n<h2>\n<img decoding=\"async\" src=\"https:\/\/tv-tregor.com\/web-precedent\/IMG\/jpg\/logo-cerf-volant-g.jpg\" alt=\"logo-cerf-volant-g.jpg\" align=\"center\" \/><\/p>\n<p>Coordonn\u00e9 par l&rsquo;Office de Tourisme communautaire de Lannion Tr\u00e9gor Agglom\u00e9ration, le 7 Octobre dernier, le Festival \u00ab\u00a0Vent de Gr\u00e8ve\u00a0\u00bb a rassembl\u00e9 plus de 70 cerf-volistes sur la plage de St Efflam en Plestin-l\u00e8s-Gr\u00e8ves. Pour les 35 ans du Cerf-Volant Club de France, le lieu choisi pour cette rencontre nationale a permis d&rsquo;associer pendant toute la journ\u00e9e, cr\u00e9ateurs de Cerfs-Volants, Kite-surf, randonn\u00e9e, promenades \u00e9questres et autres activit\u00e9s &#8230; R\u00e9alisation : Daniel George &#8211; Dur\u00e9e : 7&rsquo;58\u00a0\u00bb<\/h2>\n","protected":false},"excerpt":{"rendered":"<p><a title=\"Regarder le sujet\" href=\"https:\/\/tv-tregor.com\/web-precedent\/www\/streams\/vent-de-greve.html\">Regarder la vid\u00e9o <\/a><\/p>\n<h2> <img decoding=\"async\" src=\"https:\/\/tv-tregor.com\/web-precedent\/IMG\/jpg\/logo-cerf-volant-g.jpg\" alt=\"logo-cerf-volant-g.jpg\" align=\"center\" \/><\/p>\n<p>Coordonn\u00e9 par l&rsquo;Office de Tourisme communautaire de Lannion Tr\u00e9gor Agglom\u00e9ration, le 7 Octobre dernier, le Festival \u00ab\u00a0Vent de Gr\u00e8ve\u00a0\u00bb a rassembl\u00e9 plus de 70 cerf-volistes  \u2026  <a href=\"https:\/\/tv-tregor.com\/web-precedent\/2012\/11\/15\/5e-festival-vent-de-greve-7-octobre-2012-758\/\">&#8230;lire le sujet&#8230; <span class=\"meta-nav\">&rarr; <\/span><\/a><\/p>\n","protected":false},"author":1,"featured_media":0,"comment_status":"open","ping_status":"open","sticky":false,"template":"","format":"standard","meta":{"footnotes":""},"categories":[50],"tags":[],"class_list":["post-620","post","type-post","status-publish","format-standard","hentry","category-nos-dernieres-videos"],"_links":{"self":[{"href":"https:\/\/tv-tregor.com\/web-precedent\/wp-json\/wp\/v2\/posts\/620","targetHints":{"allow":["GET"]}}],"collection":[{"href":"https:\/\/tv-tregor.com\/web-precedent\/wp-json\/wp\/v2\/posts"}],"about":[{"href":"https:\/\/tv-tregor.com\/web-precedent\/wp-json\/wp\/v2\/types\/post"}],"author":[{"embeddable":true,"href":"https:\/\/tv-tregor.com\/web-precedent\/wp-json\/wp\/v2\/users\/1"}],"replies":[{"embeddable":true,"href":"https:\/\/tv-tregor.com\/web-precedent\/wp-json\/wp\/v2\/comments?post=620"}],"version-history":[{"count":1,"href":"https:\/\/tv-tregor.com\/web-precedent\/wp-json\/wp\/v2\/posts\/620\/revisions"}],"predecessor-version":[{"id":790,"href":"https:\/\/tv-tregor.com\/web-precedent\/wp-json\/wp\/v2\/posts\/620\/revisions\/790"}],"wp:attachment":[{"href":"https:\/\/tv-tregor.com\/web-precedent\/wp-json\/wp\/v2\/media?parent=620"}],"wp:term":[{"taxonomy":"category","embeddable":true,"href":"https:\/\/tv-tregor.com\/web-precedent\/wp-json\/wp\/v2\/categories?post=620"},{"taxonomy":"post_tag","embeddable":true,"href":"https:\/\/tv-tregor.com\/web-precedent\/wp-json\/wp\/v2\/tags?post=620"}],"curies":[{"name":"wp","href":"https:\/\/api.w.org\/{rel}","templated":true}]}}