{"id":615,"date":"2012-09-26T10:52:40","date_gmt":"2012-09-26T09:52:40","guid":{"rendered":"http:\/\/tv-tregor.com\/web-precedent\/2012\/09\/26\/viv-les-langues-nous-parle-329\/"},"modified":"2016-01-15T10:54:03","modified_gmt":"2016-01-15T09:54:03","slug":"viv-les-langues-nous-parle-329","status":"publish","type":"post","link":"https:\/\/tv-tregor.com\/web-precedent\/2012\/09\/26\/viv-les-langues-nous-parle-329\/","title":{"rendered":"\u00ab\u00a0Viv&rsquo; les langues\u00a0\u00bb nous parle &#8211; 3&rsquo;29\u00a0\u00bb"},"content":{"rendered":"<p><a title=\"Regarder la video\" href=\"https:\/\/tv-tregor.com\/web-precedent\/www\/streams\/vivleslangues.html\">Regarder la video<\/a><\/p>\n<h2>\n<img decoding=\"async\" src=\"https:\/\/tv-tregor.com\/web-precedent\/IMG\/jpg\/vivleslangues-g.jpg\" alt=\"vivleslangues-g.jpg\" align=\"center\" \/><\/p>\n<p><strong>Catherine Le Meur<\/strong> et <strong>Masami Le Vot-Sugawara<\/strong>, toutes deux professeurs de langues, se sont confi\u00e9es \u00e0 TV-Tr\u00e9gor le 8 septembre dernier lors du Forum des Associations pour nous parler de <strong>\u00ab\u00a0Viv&rsquo; les langues\u00a0\u00bb<\/strong>, association dont le succ\u00e8s se confirme chaque ann\u00e9e aupr\u00e8s de personnes de tous \u00e2ges avides d&rsquo;apprendre une langue, parfois bien apr\u00e8s leur passage sur les bancs du coll\u00e8ge. Reportage de 3&prime; 29&Prime; Jean-Dominique Gauthier et Pierre Lavanant<\/h2>\n","protected":false},"excerpt":{"rendered":"<p><a title=\"Regarder la video\" href=\"https:\/\/tv-tregor.com\/web-precedent\/www\/streams\/vivleslangues.html\">Regarder la video<\/a><\/p>\n<h2> <img decoding=\"async\" src=\"https:\/\/tv-tregor.com\/web-precedent\/IMG\/jpg\/vivleslangues-g.jpg\" alt=\"vivleslangues-g.jpg\" align=\"center\" \/><\/p>\n<p><strong>Catherine Le Meur<\/strong> et <strong>Masami Le Vot-Sugawara<\/strong>, toutes deux professeurs de langues, se sont confi\u00e9es \u00e0 TV-Tr\u00e9gor le 8 septembre dernier lors du Forum des Associations  \u2026  <a href=\"https:\/\/tv-tregor.com\/web-precedent\/2012\/09\/26\/viv-les-langues-nous-parle-329\/\">&#8230;lire le sujet&#8230; <span class=\"meta-nav\">&rarr; <\/span><\/a><\/p>\n","protected":false},"author":1,"featured_media":0,"comment_status":"open","ping_status":"open","sticky":false,"template":"","format":"standard","meta":{"footnotes":""},"categories":[14],"tags":[],"class_list":["post-615","post","type-post","status-publish","format-standard","hentry","category-culture"],"_links":{"self":[{"href":"https:\/\/tv-tregor.com\/web-precedent\/wp-json\/wp\/v2\/posts\/615","targetHints":{"allow":["GET"]}}],"collection":[{"href":"https:\/\/tv-tregor.com\/web-precedent\/wp-json\/wp\/v2\/posts"}],"about":[{"href":"https:\/\/tv-tregor.com\/web-precedent\/wp-json\/wp\/v2\/types\/post"}],"author":[{"embeddable":true,"href":"https:\/\/tv-tregor.com\/web-precedent\/wp-json\/wp\/v2\/users\/1"}],"replies":[{"embeddable":true,"href":"https:\/\/tv-tregor.com\/web-precedent\/wp-json\/wp\/v2\/comments?post=615"}],"version-history":[{"count":1,"href":"https:\/\/tv-tregor.com\/web-precedent\/wp-json\/wp\/v2\/posts\/615\/revisions"}],"predecessor-version":[{"id":804,"href":"https:\/\/tv-tregor.com\/web-precedent\/wp-json\/wp\/v2\/posts\/615\/revisions\/804"}],"wp:attachment":[{"href":"https:\/\/tv-tregor.com\/web-precedent\/wp-json\/wp\/v2\/media?parent=615"}],"wp:term":[{"taxonomy":"category","embeddable":true,"href":"https:\/\/tv-tregor.com\/web-precedent\/wp-json\/wp\/v2\/categories?post=615"},{"taxonomy":"post_tag","embeddable":true,"href":"https:\/\/tv-tregor.com\/web-precedent\/wp-json\/wp\/v2\/tags?post=615"}],"curies":[{"name":"wp","href":"https:\/\/api.w.org\/{rel}","templated":true}]}}