{"id":614,"date":"2012-09-20T01:40:48","date_gmt":"2012-09-20T00:40:48","guid":{"rendered":"http:\/\/tv-tregor.com\/web-precedent\/2012\/09\/20\/diwan-louannec-solution-en-vue-625\/"},"modified":"2016-01-15T10:54:32","modified_gmt":"2016-01-15T09:54:32","slug":"diwan-louannec-solution-en-vue-625","status":"publish","type":"post","link":"https:\/\/tv-tregor.com\/web-precedent\/2012\/09\/20\/diwan-louannec-solution-en-vue-625\/","title":{"rendered":"Diwan Louannec : solution en vue &#8211; 6&rsquo;25\u00a0\u00bb"},"content":{"rendered":"<p><a title=\"Regarder le sujet\" href=\"https:\/\/tv-tregor.com\/web-precedent\/www\/streams\/diwan-louaneg.html\">Regarder la vid\u00e9o <\/a><\/p>\n<h2>\n<img decoding=\"async\" src=\"https:\/\/tv-tregor.com\/web-precedent\/IMG\/jpg\/logo-manif-louaneg-g.jpg\" alt=\"logo-manif-louaneg-g.jpg\" align=\"center\" \/><\/p>\n<p>Samedi dernier 15 Septembre, lors de la manifestation de soutien organis\u00e9e \u00e0 Louannec, a \u00e9t\u00e9 rendu public l&rsquo;accord trouv\u00e9 la veille en pr\u00e9fecture entre les collectivit\u00e9s locales et r\u00e9gionales pour une solution p\u00e9renne d&rsquo;accueil des 27 enfants de l&rsquo;\u00e9cole Diwan dans la maison St Yves. D\u00e9couvrez des extraits de la journ\u00e9e du 15 Septembre, interview, annonces et manifestation&#8230;. R\u00e9alisation : Daniel George &#8211; Dur\u00e9e : 6&rsquo;25\u00a0\u00bb<\/h2>\n","protected":false},"excerpt":{"rendered":"<p><a title=\"Regarder le sujet\" href=\"https:\/\/tv-tregor.com\/web-precedent\/www\/streams\/diwan-louaneg.html\">Regarder la vid\u00e9o <\/a><\/p>\n<h2> <img decoding=\"async\" src=\"https:\/\/tv-tregor.com\/web-precedent\/IMG\/jpg\/logo-manif-louaneg-g.jpg\" alt=\"logo-manif-louaneg-g.jpg\" align=\"center\" \/><\/p>\n<p>Samedi dernier 15 Septembre, lors de la manifestation de soutien organis\u00e9e \u00e0 Louannec, a \u00e9t\u00e9 rendu public l&rsquo;accord trouv\u00e9 la veille en pr\u00e9fecture entre les  \u2026  <a href=\"https:\/\/tv-tregor.com\/web-precedent\/2012\/09\/20\/diwan-louannec-solution-en-vue-625\/\">&#8230;lire le sujet&#8230; <span class=\"meta-nav\">&rarr; <\/span><\/a><\/p>\n","protected":false},"author":1,"featured_media":0,"comment_status":"open","ping_status":"open","sticky":false,"template":"","format":"standard","meta":{"footnotes":""},"categories":[2],"tags":[],"class_list":["post-614","post","type-post","status-publish","format-standard","hentry","category-info-locale"],"_links":{"self":[{"href":"https:\/\/tv-tregor.com\/web-precedent\/wp-json\/wp\/v2\/posts\/614","targetHints":{"allow":["GET"]}}],"collection":[{"href":"https:\/\/tv-tregor.com\/web-precedent\/wp-json\/wp\/v2\/posts"}],"about":[{"href":"https:\/\/tv-tregor.com\/web-precedent\/wp-json\/wp\/v2\/types\/post"}],"author":[{"embeddable":true,"href":"https:\/\/tv-tregor.com\/web-precedent\/wp-json\/wp\/v2\/users\/1"}],"replies":[{"embeddable":true,"href":"https:\/\/tv-tregor.com\/web-precedent\/wp-json\/wp\/v2\/comments?post=614"}],"version-history":[{"count":1,"href":"https:\/\/tv-tregor.com\/web-precedent\/wp-json\/wp\/v2\/posts\/614\/revisions"}],"predecessor-version":[{"id":805,"href":"https:\/\/tv-tregor.com\/web-precedent\/wp-json\/wp\/v2\/posts\/614\/revisions\/805"}],"wp:attachment":[{"href":"https:\/\/tv-tregor.com\/web-precedent\/wp-json\/wp\/v2\/media?parent=614"}],"wp:term":[{"taxonomy":"category","embeddable":true,"href":"https:\/\/tv-tregor.com\/web-precedent\/wp-json\/wp\/v2\/categories?post=614"},{"taxonomy":"post_tag","embeddable":true,"href":"https:\/\/tv-tregor.com\/web-precedent\/wp-json\/wp\/v2\/tags?post=614"}],"curies":[{"name":"wp","href":"https:\/\/api.w.org\/{rel}","templated":true}]}}