{"id":613,"date":"2012-09-12T10:45:33","date_gmt":"2012-09-12T09:45:33","guid":{"rendered":"http:\/\/tv-tregor.com\/web-precedent\/2012\/09\/12\/radio-ttu-fait-sa-rentree-415\/"},"modified":"2017-11-29T21:06:13","modified_gmt":"2017-11-29T20:06:13","slug":"radio-ttu-fait-sa-rentree-415","status":"publish","type":"post","link":"https:\/\/tv-tregor.com\/web-precedent\/2012\/09\/12\/radio-ttu-fait-sa-rentree-415\/","title":{"rendered":"Radio TTU fait sa rentr\u00e9e &#8211; 4&rsquo;15\u00a0\u00bb"},"content":{"rendered":"<p><a title=\"Regarder la video\" href=\"https:\/\/tv-tregor.com\/web-precedent\/www\/streams\/radio-ttu.html\">Regarder la video<\/a><\/p>\n<h2><\/h2>\n<h2><img decoding=\"async\" src=\"https:\/\/tv-tregor.com\/web-precedent\/IMG\/jpg\/radio-ttu-g.jpg\" alt=\"radio-ttu-g.jpg\" align=\"center\" \/><\/p>\n<p><strong>Radio TTU<\/strong> est une radio associative sans publicit\u00e9 qui \u00e9met depuis l&rsquo;IUT de Lannion sur un rayon de 25 km. Avec sa nouvelle grille de programmes, elle recommencera \u00e0 \u00e9mettre sur 107.5 Mhz et sur le net \u00e0 partir du 1er octobre. Thomas, son vice-pr\u00e9sident, pr\u00e9sent au forum des associations du 8 septembre, nous pr\u00e9sente cette radio pas comme les autres. dur\u00e9e : 4&rsquo;15\u00a0\u00bb A noter par tous ceux qui seraient int\u00e9ress\u00e9s pour faire de la radio : r\u00e9union de pr\u00e9paration de la grille de programme \u00e0 19H00, lundi 17 septembre, salle N\u00b01 Centre Savidan \u00e0 Lannion. <strong>Fr\u00e9quence FM : 107.5 Mhz<\/strong> Site de la web radio<\/h2>\n","protected":false},"excerpt":{"rendered":"<p><a title=\"Regarder la video\" href=\"https:\/\/tv-tregor.com\/web-precedent\/www\/streams\/radio-ttu.html\">Regarder la video<\/a><\/p>\n<h2><\/h2>\n<h2><img decoding=\"async\" src=\"https:\/\/tv-tregor.com\/web-precedent\/IMG\/jpg\/radio-ttu-g.jpg\" alt=\"radio-ttu-g.jpg\" align=\"center\" \/><\/p>\n<p><strong>Radio TTU<\/strong> est une radio associative sans publicit\u00e9 qui \u00e9met depuis l&rsquo;IUT de Lannion sur un rayon de 25 km. Avec sa nouvelle grille de programmes,  \u2026  <a href=\"https:\/\/tv-tregor.com\/web-precedent\/2012\/09\/12\/radio-ttu-fait-sa-rentree-415\/\">&#8230;lire le sujet&#8230; <span class=\"meta-nav\">&rarr; <\/span><\/a><\/p>\n","protected":false},"author":1,"featured_media":0,"comment_status":"open","ping_status":"open","sticky":false,"template":"","format":"standard","meta":{"footnotes":""},"categories":[2],"tags":[],"class_list":["post-613","post","type-post","status-publish","format-standard","hentry","category-info-locale"],"_links":{"self":[{"href":"https:\/\/tv-tregor.com\/web-precedent\/wp-json\/wp\/v2\/posts\/613","targetHints":{"allow":["GET"]}}],"collection":[{"href":"https:\/\/tv-tregor.com\/web-precedent\/wp-json\/wp\/v2\/posts"}],"about":[{"href":"https:\/\/tv-tregor.com\/web-precedent\/wp-json\/wp\/v2\/types\/post"}],"author":[{"embeddable":true,"href":"https:\/\/tv-tregor.com\/web-precedent\/wp-json\/wp\/v2\/users\/1"}],"replies":[{"embeddable":true,"href":"https:\/\/tv-tregor.com\/web-precedent\/wp-json\/wp\/v2\/comments?post=613"}],"version-history":[{"count":3,"href":"https:\/\/tv-tregor.com\/web-precedent\/wp-json\/wp\/v2\/posts\/613\/revisions"}],"predecessor-version":[{"id":1047,"href":"https:\/\/tv-tregor.com\/web-precedent\/wp-json\/wp\/v2\/posts\/613\/revisions\/1047"}],"wp:attachment":[{"href":"https:\/\/tv-tregor.com\/web-precedent\/wp-json\/wp\/v2\/media?parent=613"}],"wp:term":[{"taxonomy":"category","embeddable":true,"href":"https:\/\/tv-tregor.com\/web-precedent\/wp-json\/wp\/v2\/categories?post=613"},{"taxonomy":"post_tag","embeddable":true,"href":"https:\/\/tv-tregor.com\/web-precedent\/wp-json\/wp\/v2\/tags?post=613"}],"curies":[{"name":"wp","href":"https:\/\/api.w.org\/{rel}","templated":true}]}}