{"id":611,"date":"2012-08-27T19:35:00","date_gmt":"2012-08-27T18:35:00","guid":{"rendered":"http:\/\/tv-tregor.com\/web-precedent\/2012\/08\/27\/inauguration-de-la-boucle-des-21-routoirs-pouldouran-920\/"},"modified":"2016-01-15T10:57:25","modified_gmt":"2016-01-15T09:57:25","slug":"inauguration-de-la-boucle-des-21-routoirs-pouldouran-920","status":"publish","type":"post","link":"https:\/\/tv-tregor.com\/web-precedent\/2012\/08\/27\/inauguration-de-la-boucle-des-21-routoirs-pouldouran-920\/","title":{"rendered":"Inauguration de la boucle des 21 routoirs &#8211; Pouldouran &#8211; 9&rsquo;20\u00a0\u00bb"},"content":{"rendered":"<p><a title=\"Regarder le sujet\" href=\"https:\/\/tv-tregor.com\/web-precedent\/www\/streams\/routoirs.htm\">Regarder la vid\u00e9o <\/a><\/p>\n<h2>\n<img decoding=\"async\" src=\"https:\/\/tv-tregor.com\/web-precedent\/IMG\/jpg\/logo-routoirs-g.jpg\" alt=\"logo-routoirs-g.jpg\" align=\"center\" \/><\/p>\n<p>Plus de 300 randonneurs ont particip\u00e9 \u00e0 l&rsquo;inauguration de la boucle des 21 routoirs le samedi 9 juin 2012. Pendant plus de trois ans, un \u00e9norme travail a \u00e9t\u00e9 r\u00e9alis\u00e9 sous l&rsquo;impulsion de l&rsquo;association \u00a0\u00bb Skol ar C&rsquo;hleuziou\u00a0\u00bb (l&rsquo;\u00e9cole des talus) pour sortir de l&rsquo;oubli et remettre en valeur cette remarquable concentration de vestiges du pass\u00e9 de la production du lin tr\u00e9gorrois&#8230; D\u00e9couvrez ce nouveau parcours de notre patrimoine &#8230; R\u00e9alisation : Yannick Montreuil, Pierre Lavanant &#8211; Dur\u00e9e : 9&rsquo;20\u00a0\u00bb<\/h2>\n","protected":false},"excerpt":{"rendered":"<p><a title=\"Regarder le sujet\" href=\"https:\/\/tv-tregor.com\/web-precedent\/www\/streams\/routoirs.htm\">Regarder la vid\u00e9o <\/a><\/p>\n<h2> <img decoding=\"async\" src=\"https:\/\/tv-tregor.com\/web-precedent\/IMG\/jpg\/logo-routoirs-g.jpg\" alt=\"logo-routoirs-g.jpg\" align=\"center\" \/><\/p>\n<p>Plus de 300 randonneurs ont particip\u00e9 \u00e0 l&rsquo;inauguration de la boucle des 21 routoirs le samedi 9 juin 2012. Pendant plus de trois ans, un  \u2026  <a href=\"https:\/\/tv-tregor.com\/web-precedent\/2012\/08\/27\/inauguration-de-la-boucle-des-21-routoirs-pouldouran-920\/\">&#8230;lire le sujet&#8230; <span class=\"meta-nav\">&rarr; <\/span><\/a><\/p>\n","protected":false},"author":1,"featured_media":0,"comment_status":"open","ping_status":"open","sticky":false,"template":"","format":"standard","meta":{"footnotes":""},"categories":[23],"tags":[],"class_list":["post-611","post","type-post","status-publish","format-standard","hentry","category-patrimoine"],"_links":{"self":[{"href":"https:\/\/tv-tregor.com\/web-precedent\/wp-json\/wp\/v2\/posts\/611","targetHints":{"allow":["GET"]}}],"collection":[{"href":"https:\/\/tv-tregor.com\/web-precedent\/wp-json\/wp\/v2\/posts"}],"about":[{"href":"https:\/\/tv-tregor.com\/web-precedent\/wp-json\/wp\/v2\/types\/post"}],"author":[{"embeddable":true,"href":"https:\/\/tv-tregor.com\/web-precedent\/wp-json\/wp\/v2\/users\/1"}],"replies":[{"embeddable":true,"href":"https:\/\/tv-tregor.com\/web-precedent\/wp-json\/wp\/v2\/comments?post=611"}],"version-history":[{"count":1,"href":"https:\/\/tv-tregor.com\/web-precedent\/wp-json\/wp\/v2\/posts\/611\/revisions"}],"predecessor-version":[{"id":808,"href":"https:\/\/tv-tregor.com\/web-precedent\/wp-json\/wp\/v2\/posts\/611\/revisions\/808"}],"wp:attachment":[{"href":"https:\/\/tv-tregor.com\/web-precedent\/wp-json\/wp\/v2\/media?parent=611"}],"wp:term":[{"taxonomy":"category","embeddable":true,"href":"https:\/\/tv-tregor.com\/web-precedent\/wp-json\/wp\/v2\/categories?post=611"},{"taxonomy":"post_tag","embeddable":true,"href":"https:\/\/tv-tregor.com\/web-precedent\/wp-json\/wp\/v2\/tags?post=611"}],"curies":[{"name":"wp","href":"https:\/\/api.w.org\/{rel}","templated":true}]}}