{"id":608,"date":"2012-07-17T23:57:00","date_gmt":"2012-07-17T22:57:00","guid":{"rendered":"http:\/\/tv-tregor.com\/web-precedent\/2012\/07\/17\/rencontre-a-la-librairie-gwalarn-marie-sabine-roger-1820\/"},"modified":"2016-01-15T10:59:22","modified_gmt":"2016-01-15T09:59:22","slug":"rencontre-a-la-librairie-gwalarn-marie-sabine-roger-1820","status":"publish","type":"post","link":"https:\/\/tv-tregor.com\/web-precedent\/2012\/07\/17\/rencontre-a-la-librairie-gwalarn-marie-sabine-roger-1820\/","title":{"rendered":"Rencontre \u00e0 la librairie Gwalarn : Marie-Sabine ROGER &#8211; 18&rsquo;20\u00a0\u00bb"},"content":{"rendered":"<p><a title=\"Regarder la video\" href=\"https:\/\/tv-tregor.com\/web-precedent\/www\/streams\/gwalarn-m-s-roger.html\">Regarder la video<\/a><\/p>\n<h2>\n<img decoding=\"async\" src=\"https:\/\/tv-tregor.com\/web-precedent\/IMG\/jpg\/logo-g--m-s-roger.jpg\" alt=\"logo-g--m-s-roger.jpg\" align=\"center\" \/><\/p>\n<p>Marie-Sabine ROGER a re\u00e7u r\u00e9cemment le prix des lecteurs de l&rsquo;Express pour son dernier roman \u00ab\u00a0Bon r\u00e9tablissement\u00a0\u00bb, publi\u00e9 en F\u00e9vrier dernier. Apr\u00e8s son pr\u00e9c\u00e9dent roman \u00ab\u00a0la t\u00eate en friche\u00a0\u00bb celui-ci sera prochainement adapt\u00e9 au cin\u00e9ma par Jean Becker&#8230; Emmanuelle George, de la librairie Gwalarn, a organis\u00e9 une rencontre entre cette auteure attachante et quelques-uns de ses lecteurs. R\u00e9alisation : Daniel George &#8211; Dur\u00e9e : 18&rsquo;20\u00a0\u00bb<\/h2>\n","protected":false},"excerpt":{"rendered":"<p><a title=\"Regarder la video\" href=\"https:\/\/tv-tregor.com\/web-precedent\/www\/streams\/gwalarn-m-s-roger.html\">Regarder la video<\/a><\/p>\n<h2> <img decoding=\"async\" src=\"https:\/\/tv-tregor.com\/web-precedent\/IMG\/jpg\/logo-g--m-s-roger.jpg\" alt=\"logo-g--m-s-roger.jpg\" align=\"center\" \/><\/p>\n<p>Marie-Sabine ROGER a re\u00e7u r\u00e9cemment le prix des lecteurs de l&rsquo;Express pour son dernier roman \u00ab\u00a0Bon r\u00e9tablissement\u00a0\u00bb, publi\u00e9 en F\u00e9vrier dernier. Apr\u00e8s son pr\u00e9c\u00e9dent roman \u00ab\u00a0la  \u2026  <a href=\"https:\/\/tv-tregor.com\/web-precedent\/2012\/07\/17\/rencontre-a-la-librairie-gwalarn-marie-sabine-roger-1820\/\">&#8230;lire le sujet&#8230; <span class=\"meta-nav\">&rarr; <\/span><\/a><\/p>\n","protected":false},"author":1,"featured_media":0,"comment_status":"open","ping_status":"open","sticky":false,"template":"","format":"standard","meta":{"footnotes":""},"categories":[14],"tags":[],"class_list":["post-608","post","type-post","status-publish","format-standard","hentry","category-culture"],"_links":{"self":[{"href":"https:\/\/tv-tregor.com\/web-precedent\/wp-json\/wp\/v2\/posts\/608","targetHints":{"allow":["GET"]}}],"collection":[{"href":"https:\/\/tv-tregor.com\/web-precedent\/wp-json\/wp\/v2\/posts"}],"about":[{"href":"https:\/\/tv-tregor.com\/web-precedent\/wp-json\/wp\/v2\/types\/post"}],"author":[{"embeddable":true,"href":"https:\/\/tv-tregor.com\/web-precedent\/wp-json\/wp\/v2\/users\/1"}],"replies":[{"embeddable":true,"href":"https:\/\/tv-tregor.com\/web-precedent\/wp-json\/wp\/v2\/comments?post=608"}],"version-history":[{"count":1,"href":"https:\/\/tv-tregor.com\/web-precedent\/wp-json\/wp\/v2\/posts\/608\/revisions"}],"predecessor-version":[{"id":811,"href":"https:\/\/tv-tregor.com\/web-precedent\/wp-json\/wp\/v2\/posts\/608\/revisions\/811"}],"wp:attachment":[{"href":"https:\/\/tv-tregor.com\/web-precedent\/wp-json\/wp\/v2\/media?parent=608"}],"wp:term":[{"taxonomy":"category","embeddable":true,"href":"https:\/\/tv-tregor.com\/web-precedent\/wp-json\/wp\/v2\/categories?post=608"},{"taxonomy":"post_tag","embeddable":true,"href":"https:\/\/tv-tregor.com\/web-precedent\/wp-json\/wp\/v2\/tags?post=608"}],"curies":[{"name":"wp","href":"https:\/\/api.w.org\/{rel}","templated":true}]}}