{"id":606,"date":"2012-07-04T10:06:30","date_gmt":"2012-07-04T09:06:30","guid":{"rendered":"http:\/\/tv-tregor.com\/web-precedent\/2012\/07\/04\/la-chapelle-st-joseph-de-lannion-oeuvre-des-seiz-breur-810\/"},"modified":"2016-01-17T21:44:10","modified_gmt":"2016-01-17T20:44:10","slug":"la-chapelle-st-joseph-de-lannion-oeuvre-des-seiz-breur-810","status":"publish","type":"post","link":"https:\/\/tv-tregor.com\/web-precedent\/2012\/07\/04\/la-chapelle-st-joseph-de-lannion-oeuvre-des-seiz-breur-810\/","title":{"rendered":"La Chapelle St-Joseph de Lannion, oeuvre des \u00ab\u00a0Seiz Breur\u00a0\u00bb &#8211; 8&rsquo;10\u00a0\u00bb"},"content":{"rendered":"<p><a title=\"Regarder la video\" href=\"https:\/\/tv-tregor.com\/web-precedent\/www\/streams\/chapelle-st-jo-p1.html\">Regarder la video<\/a><\/p>\n<h2><img decoding=\"async\" src=\"https:\/\/tv-tregor.com\/web-precedent\/IMG\/jpg\/chap-st-jo-g.jpg\" alt=\"chap-st-jo-g.jpg\" align=\"center\" \/><\/h2>\n<p>Ce document est le premier d&rsquo;une s\u00e9rie consacr\u00e9e aux lieux d&rsquo;histoire intitul\u00e9e <strong>\u00ab\u00a0Historiquement V\u00f4tre, en Bretagne\u00a0\u00bb<\/strong>. Par l&rsquo;entremise de <strong>Jean-Jacques Monnier<\/strong>, historien, et d&rsquo;<strong>Olivier Caillebot<\/strong>, musicien et homme de radio, TV-Tr\u00e9gor vous fera ainsi d\u00e9couvrir un lieu ou un monument breton charg\u00e9 d&rsquo;histoire. Cette semaine nos deux guides vous invitent \u00e0 visiter un \u00e9difice m\u00e9connu : la chapelle du coll\u00e8ge Saint-Joseph de Lannion. Elle est l&rsquo;oeuvre d&rsquo;artistes et d&rsquo;architectes du mouvement <strong>\u00ab\u00a0Seiz Breur\u00a0\u00bb<\/strong> dans les ann\u00e9es 1930 (signifie les sept fr\u00e8res en breton &#8211; peut se trouver \u00e9galement orthographi\u00e9 \u00ab\u00a0Seizh Breur\u00a0\u00bb). Cette chapelle pr\u00e9sente, aussi bien ext\u00e9rieurement qu&rsquo;int\u00e9rieurement de nombreux aspects originaux et novateurs, tout en respectant profond\u00e9ment le caract\u00e8re religieux de l&rsquo;\u00e9difice. Alors, suivez nos guides dans cette visite passionnante. Ce document relativement long vous sera pr\u00e9sent\u00e9 en deux parties. La premi\u00e8re partie (8&rsquo;10\u00a0\u00bb) pr\u00e9sent\u00e9e ici s&rsquo;int\u00e9resse \u00e0 l&rsquo;architecture ext\u00e9rieure de l&rsquo;\u00e9difice et \u00e0 l&rsquo;histoire de ses concepteurs, les \u00ab\u00a0Seiz Breur\u00a0\u00bb. La seconde partie, r\u00e9v\u00e9lant l&rsquo;int\u00e9rieur de la chapelle, sera diffus\u00e9e dans quelques semaines. R\u00e9alisation : Jean-Dominique Gauthier<\/p>\n","protected":false},"excerpt":{"rendered":"<p><a title=\"Regarder la video\" href=\"https:\/\/tv-tregor.com\/web-precedent\/www\/streams\/chapelle-st-jo-p1.html\">Regarder la video<\/a><\/p>\n<h2><img decoding=\"async\" src=\"https:\/\/tv-tregor.com\/web-precedent\/IMG\/jpg\/chap-st-jo-g.jpg\" alt=\"chap-st-jo-g.jpg\" align=\"center\" \/><\/h2>\n<p>Ce document est le premier d&rsquo;une s\u00e9rie consacr\u00e9e aux lieux d&rsquo;histoire intitul\u00e9e <strong>\u00ab\u00a0Historiquement V\u00f4tre, en Bretagne\u00a0\u00bb<\/strong>. Par l&rsquo;entremise de <strong>Jean-Jacques Monnier<\/strong>, historien, et d&rsquo;<strong>Olivier Caillebot<\/strong>, musicien et  \u2026  <a href=\"https:\/\/tv-tregor.com\/web-precedent\/2012\/07\/04\/la-chapelle-st-joseph-de-lannion-oeuvre-des-seiz-breur-810\/\">&#8230;lire le sujet&#8230; <span class=\"meta-nav\">&rarr; <\/span><\/a><\/p>\n","protected":false},"author":1,"featured_media":0,"comment_status":"open","ping_status":"open","sticky":false,"template":"","format":"standard","meta":{"footnotes":""},"categories":[5],"tags":[],"class_list":["post-606","post","type-post","status-publish","format-standard","hentry","category-culture-et-patrimoine"],"_links":{"self":[{"href":"https:\/\/tv-tregor.com\/web-precedent\/wp-json\/wp\/v2\/posts\/606","targetHints":{"allow":["GET"]}}],"collection":[{"href":"https:\/\/tv-tregor.com\/web-precedent\/wp-json\/wp\/v2\/posts"}],"about":[{"href":"https:\/\/tv-tregor.com\/web-precedent\/wp-json\/wp\/v2\/types\/post"}],"author":[{"embeddable":true,"href":"https:\/\/tv-tregor.com\/web-precedent\/wp-json\/wp\/v2\/users\/1"}],"replies":[{"embeddable":true,"href":"https:\/\/tv-tregor.com\/web-precedent\/wp-json\/wp\/v2\/comments?post=606"}],"version-history":[{"count":2,"href":"https:\/\/tv-tregor.com\/web-precedent\/wp-json\/wp\/v2\/posts\/606\/revisions"}],"predecessor-version":[{"id":910,"href":"https:\/\/tv-tregor.com\/web-precedent\/wp-json\/wp\/v2\/posts\/606\/revisions\/910"}],"wp:attachment":[{"href":"https:\/\/tv-tregor.com\/web-precedent\/wp-json\/wp\/v2\/media?parent=606"}],"wp:term":[{"taxonomy":"category","embeddable":true,"href":"https:\/\/tv-tregor.com\/web-precedent\/wp-json\/wp\/v2\/categories?post=606"},{"taxonomy":"post_tag","embeddable":true,"href":"https:\/\/tv-tregor.com\/web-precedent\/wp-json\/wp\/v2\/tags?post=606"}],"curies":[{"name":"wp","href":"https:\/\/api.w.org\/{rel}","templated":true}]}}