{"id":604,"date":"2012-06-20T10:21:15","date_gmt":"2012-06-20T09:21:15","guid":{"rendered":"http:\/\/tv-tregor.com\/web-precedent\/2012\/06\/20\/comedie-musicale-faust-n-jazz-445\/"},"modified":"2016-01-15T11:01:22","modified_gmt":"2016-01-15T10:01:22","slug":"comedie-musicale-faust-n-jazz-445","status":"publish","type":"post","link":"https:\/\/tv-tregor.com\/web-precedent\/2012\/06\/20\/comedie-musicale-faust-n-jazz-445\/","title":{"rendered":"Com\u00e9die musicale \u00ab\u00a0Faust &lsquo;n Jazz\u00a0\u00bb &#8211; 4&rsquo;45\u00a0\u00bb"},"content":{"rendered":"<p><a title=\"Regarder la video\" href=\"https:\/\/tv-tregor.com\/web-precedent\/www\/streams\/faust-n-jazz.html\">Regarder la video<\/a><\/p>\n<h2>\n<img decoding=\"async\" src=\"https:\/\/tv-tregor.com\/web-precedent\/IMG\/jpg\/faust-n-jazz-g.jpg\" alt=\"faust-n-jazz-g.jpg\" align=\"center\" \/><\/p>\n<p>Les coll\u00e8ges de Lannion et de Pleumeur-Bodou ont, cette ann\u00e9e encore, particip\u00e9 aux rencontres chorales sur le th\u00e8me d&rsquo;une com\u00e9die musicale adapt\u00e9e <strong>\u00ab\u00a0Faust &lsquo;n Jazz\u00a0\u00bb<\/strong>. C&rsquo;est la salle du S\u00e9maphore \u00e0 Tr\u00e9beurden qui a accueilli cet \u00e9v\u00e9nement le 11 juin dernier. <strong>Emma Bosse<\/strong> et <strong>B\u00e9n\u00e9dicte Morant<\/strong>, de l&rsquo;association <strong>Ar Kan Son<\/strong>, nous expliquent comment s&rsquo;est construit ce projet. En images. Dur\u00e9e 4&rsquo;45\u00a0\u00bb<\/h2>\n","protected":false},"excerpt":{"rendered":"<p><a title=\"Regarder la video\" href=\"https:\/\/tv-tregor.com\/web-precedent\/www\/streams\/faust-n-jazz.html\">Regarder la video<\/a><\/p>\n<h2> <img decoding=\"async\" src=\"https:\/\/tv-tregor.com\/web-precedent\/IMG\/jpg\/faust-n-jazz-g.jpg\" alt=\"faust-n-jazz-g.jpg\" align=\"center\" \/><\/p>\n<p>Les coll\u00e8ges de Lannion et de Pleumeur-Bodou ont, cette ann\u00e9e encore, particip\u00e9 aux rencontres chorales sur le th\u00e8me d&rsquo;une com\u00e9die musicale adapt\u00e9e <strong>\u00ab\u00a0Faust &lsquo;n Jazz\u00a0\u00bb<\/strong>. C&rsquo;est  \u2026  <a href=\"https:\/\/tv-tregor.com\/web-precedent\/2012\/06\/20\/comedie-musicale-faust-n-jazz-445\/\">&#8230;lire le sujet&#8230; <span class=\"meta-nav\">&rarr; <\/span><\/a><\/p>\n","protected":false},"author":1,"featured_media":0,"comment_status":"open","ping_status":"open","sticky":false,"template":"","format":"standard","meta":{"footnotes":""},"categories":[3],"tags":[],"class_list":["post-604","post","type-post","status-publish","format-standard","hentry","category-musique"],"_links":{"self":[{"href":"https:\/\/tv-tregor.com\/web-precedent\/wp-json\/wp\/v2\/posts\/604","targetHints":{"allow":["GET"]}}],"collection":[{"href":"https:\/\/tv-tregor.com\/web-precedent\/wp-json\/wp\/v2\/posts"}],"about":[{"href":"https:\/\/tv-tregor.com\/web-precedent\/wp-json\/wp\/v2\/types\/post"}],"author":[{"embeddable":true,"href":"https:\/\/tv-tregor.com\/web-precedent\/wp-json\/wp\/v2\/users\/1"}],"replies":[{"embeddable":true,"href":"https:\/\/tv-tregor.com\/web-precedent\/wp-json\/wp\/v2\/comments?post=604"}],"version-history":[{"count":1,"href":"https:\/\/tv-tregor.com\/web-precedent\/wp-json\/wp\/v2\/posts\/604\/revisions"}],"predecessor-version":[{"id":815,"href":"https:\/\/tv-tregor.com\/web-precedent\/wp-json\/wp\/v2\/posts\/604\/revisions\/815"}],"wp:attachment":[{"href":"https:\/\/tv-tregor.com\/web-precedent\/wp-json\/wp\/v2\/media?parent=604"}],"wp:term":[{"taxonomy":"category","embeddable":true,"href":"https:\/\/tv-tregor.com\/web-precedent\/wp-json\/wp\/v2\/categories?post=604"},{"taxonomy":"post_tag","embeddable":true,"href":"https:\/\/tv-tregor.com\/web-precedent\/wp-json\/wp\/v2\/tags?post=604"}],"curies":[{"name":"wp","href":"https:\/\/api.w.org\/{rel}","templated":true}]}}