{"id":603,"date":"2012-06-13T06:09:56","date_gmt":"2012-06-13T05:09:56","guid":{"rendered":"http:\/\/tv-tregor.com\/web-precedent\/2012\/06\/13\/festival-fenetre-sur-court-6-02\/"},"modified":"2016-01-15T11:01:44","modified_gmt":"2016-01-15T10:01:44","slug":"festival-fenetre-sur-court-6-02","status":"publish","type":"post","link":"https:\/\/tv-tregor.com\/web-precedent\/2012\/06\/13\/festival-fenetre-sur-court-6-02\/","title":{"rendered":"Festival \u00ab\u00a0Fen\u00eatre sur Court\u00a0\u00bb &#8211; 6&prime; 02&Prime;"},"content":{"rendered":"<p><a title=\"Regarder la video\" href=\"https:\/\/tv-tregor.com\/web-precedent\/www\/streams\/fenetre-sur-court.html\">Regarder la video<\/a><\/p>\n<h2>\n<img decoding=\"async\" src=\"https:\/\/tv-tregor.com\/web-precedent\/IMG\/jpg\/f-court-logo-g.jpg\" alt=\"f-court-logo-g.jpg\" align=\"center\" \/><\/p>\n<p>La premi\u00e8re \u00e9dition du festival de courts m\u00e9trages \u00ab\u00a0fen\u00eatre sur Court\u00a0\u00bb s&rsquo;est d\u00e9roul\u00e9e le 27 Mai dernier sur le Quai d&rsquo;Aiguillon \u00e0 Lannion, \u00e0 l&rsquo;initiative d&rsquo;un projet d&rsquo;\u00e9tudiants de l&rsquo;ENSSAT, parrain\u00e9 par Thierry COMPAIN&#8230;. Dur\u00e9e du reportage 6&rsquo;02\u00a0\u00bb R\u00e9alisation Daniel George avec Jean-Dominique Gauthier<\/h2>\n","protected":false},"excerpt":{"rendered":"<p><a title=\"Regarder la video\" href=\"https:\/\/tv-tregor.com\/web-precedent\/www\/streams\/fenetre-sur-court.html\">Regarder la video<\/a><\/p>\n<h2> <img decoding=\"async\" src=\"https:\/\/tv-tregor.com\/web-precedent\/IMG\/jpg\/f-court-logo-g.jpg\" alt=\"f-court-logo-g.jpg\" align=\"center\" \/><\/p>\n<p>La premi\u00e8re \u00e9dition du festival de courts m\u00e9trages \u00ab\u00a0fen\u00eatre sur Court\u00a0\u00bb s&rsquo;est d\u00e9roul\u00e9e le 27 Mai dernier sur le Quai d&rsquo;Aiguillon \u00e0 Lannion, \u00e0 l&rsquo;initiative d&rsquo;un  \u2026  <a href=\"https:\/\/tv-tregor.com\/web-precedent\/2012\/06\/13\/festival-fenetre-sur-court-6-02\/\">&#8230;lire le sujet&#8230; <span class=\"meta-nav\">&rarr; <\/span><\/a><\/p>\n","protected":false},"author":1,"featured_media":0,"comment_status":"open","ping_status":"open","sticky":false,"template":"","format":"standard","meta":{"footnotes":""},"categories":[34],"tags":[],"class_list":["post-603","post","type-post","status-publish","format-standard","hentry","category-cine-courts-metrages"],"_links":{"self":[{"href":"https:\/\/tv-tregor.com\/web-precedent\/wp-json\/wp\/v2\/posts\/603","targetHints":{"allow":["GET"]}}],"collection":[{"href":"https:\/\/tv-tregor.com\/web-precedent\/wp-json\/wp\/v2\/posts"}],"about":[{"href":"https:\/\/tv-tregor.com\/web-precedent\/wp-json\/wp\/v2\/types\/post"}],"author":[{"embeddable":true,"href":"https:\/\/tv-tregor.com\/web-precedent\/wp-json\/wp\/v2\/users\/1"}],"replies":[{"embeddable":true,"href":"https:\/\/tv-tregor.com\/web-precedent\/wp-json\/wp\/v2\/comments?post=603"}],"version-history":[{"count":1,"href":"https:\/\/tv-tregor.com\/web-precedent\/wp-json\/wp\/v2\/posts\/603\/revisions"}],"predecessor-version":[{"id":816,"href":"https:\/\/tv-tregor.com\/web-precedent\/wp-json\/wp\/v2\/posts\/603\/revisions\/816"}],"wp:attachment":[{"href":"https:\/\/tv-tregor.com\/web-precedent\/wp-json\/wp\/v2\/media?parent=603"}],"wp:term":[{"taxonomy":"category","embeddable":true,"href":"https:\/\/tv-tregor.com\/web-precedent\/wp-json\/wp\/v2\/categories?post=603"},{"taxonomy":"post_tag","embeddable":true,"href":"https:\/\/tv-tregor.com\/web-precedent\/wp-json\/wp\/v2\/tags?post=603"}],"curies":[{"name":"wp","href":"https:\/\/api.w.org\/{rel}","templated":true}]}}