{"id":598,"date":"2012-05-09T17:30:26","date_gmt":"2012-05-09T16:30:26","guid":{"rendered":"http:\/\/tv-tregor.com\/web-precedent\/2012\/05\/09\/concours-inter-lycees-2012-de-musique-bretonne-550\/"},"modified":"2016-01-15T11:05:14","modified_gmt":"2016-01-15T10:05:14","slug":"concours-inter-lycees-2012-de-musique-bretonne-550","status":"publish","type":"post","link":"https:\/\/tv-tregor.com\/web-precedent\/2012\/05\/09\/concours-inter-lycees-2012-de-musique-bretonne-550\/","title":{"rendered":"Concours Inter-Lyc\u00e9es 2012 de Musique Bretonne &#8211; 5&rsquo;50\u00a0\u00bb"},"content":{"rendered":"<p><a title=\"Regarder le sujet\" href=\"https:\/\/tv-tregor.com\/web-precedent\/www\/streams\/ledantec-wmv.html\">Regarder la video<\/a><\/p>\n<h2><img decoding=\"async\" src=\"https:\/\/tv-tregor.com\/web-precedent\/IMG\/jpg\/breizh_music_le_dantec3_m.jpg\" alt=\"breizh_music_le_dantec3_m.jpg\" align=\"center\" \/><\/p>\n<p>Les \u00e9l\u00e8ves du Lyc\u00e9e F\u00e9lix Le Dantec \u00e0 Lannion organisaient ce 6 avril 2012 le 9e <strong>Concours Interlyc\u00e9es de Musique Bretonne<\/strong>. Ce rendez-vous tr\u00e8s pris\u00e9, a permis au fil des ann\u00e9es de faire \u00e9merger de nouveaux groupes de fest-noz et de lancer bon nombre de musiciens : Hamon-Martin, Spontus, Skirienn, Karma, Sko&rsquo;Barzh, Memestra&#8230; Ce concours a une grande valeur r\u00e9gionale car les jeunes musiciens sont jug\u00e9s par leurs pairs. Cette ann\u00e9e, c&rsquo;est le talentueux guitariste breton <strong>So\u00efg Sib\u00e9ril<\/strong> &#8211; 30 ans de carri\u00e8re &#8211; qui a endoss\u00e9 le r\u00f4le de parrain. Ayant fait partie de nombreux groupes mythiques, il est l&rsquo;inventeur de nouvelles techniques de guitare maintenant utilis\u00e9es \u00e0 travers le monde. A la tribune du jury, So\u00efg a \u00e9t\u00e9 second\u00e9 par Philippe Janvier, Didier Durassier, Charles Quimbert, Ronan Bl\u00e9jean et Erwan Menguy. Une dizaine de formations a particip\u00e9 \u00e0 cette \u00e9dition 2012. Le troph\u00e9e a \u00e9t\u00e9 remport\u00e9 par le groupe \u00a0\u00bb lannionais <strong>Hop&rsquo;Op&rsquo;Ops<\/strong>. Reportage : Daniel DONVAL Dur\u00e9e = 5 mn 50<\/h2>\n","protected":false},"excerpt":{"rendered":"<p><a title=\"Regarder le sujet\" href=\"https:\/\/tv-tregor.com\/web-precedent\/www\/streams\/ledantec-wmv.html\">Regarder la video<\/a><\/p>\n<h2><img decoding=\"async\" src=\"https:\/\/tv-tregor.com\/web-precedent\/IMG\/jpg\/breizh_music_le_dantec3_m.jpg\" alt=\"breizh_music_le_dantec3_m.jpg\" align=\"center\" \/><\/p>\n<p>Les \u00e9l\u00e8ves du Lyc\u00e9e F\u00e9lix Le Dantec \u00e0 Lannion organisaient ce 6 avril 2012 le 9e <strong>Concours Interlyc\u00e9es de Musique Bretonne<\/strong>. Ce rendez-vous tr\u00e8s pris\u00e9, a permis  \u2026  <a href=\"https:\/\/tv-tregor.com\/web-precedent\/2012\/05\/09\/concours-inter-lycees-2012-de-musique-bretonne-550\/\">&#8230;lire le sujet&#8230; <span class=\"meta-nav\">&rarr; <\/span><\/a><\/p>\n","protected":false},"author":1,"featured_media":0,"comment_status":"open","ping_status":"open","sticky":false,"template":"","format":"standard","meta":{"footnotes":""},"categories":[3],"tags":[],"class_list":["post-598","post","type-post","status-publish","format-standard","hentry","category-musique"],"_links":{"self":[{"href":"https:\/\/tv-tregor.com\/web-precedent\/wp-json\/wp\/v2\/posts\/598","targetHints":{"allow":["GET"]}}],"collection":[{"href":"https:\/\/tv-tregor.com\/web-precedent\/wp-json\/wp\/v2\/posts"}],"about":[{"href":"https:\/\/tv-tregor.com\/web-precedent\/wp-json\/wp\/v2\/types\/post"}],"author":[{"embeddable":true,"href":"https:\/\/tv-tregor.com\/web-precedent\/wp-json\/wp\/v2\/users\/1"}],"replies":[{"embeddable":true,"href":"https:\/\/tv-tregor.com\/web-precedent\/wp-json\/wp\/v2\/comments?post=598"}],"version-history":[{"count":1,"href":"https:\/\/tv-tregor.com\/web-precedent\/wp-json\/wp\/v2\/posts\/598\/revisions"}],"predecessor-version":[{"id":821,"href":"https:\/\/tv-tregor.com\/web-precedent\/wp-json\/wp\/v2\/posts\/598\/revisions\/821"}],"wp:attachment":[{"href":"https:\/\/tv-tregor.com\/web-precedent\/wp-json\/wp\/v2\/media?parent=598"}],"wp:term":[{"taxonomy":"category","embeddable":true,"href":"https:\/\/tv-tregor.com\/web-precedent\/wp-json\/wp\/v2\/categories?post=598"},{"taxonomy":"post_tag","embeddable":true,"href":"https:\/\/tv-tregor.com\/web-precedent\/wp-json\/wp\/v2\/tags?post=598"}],"curies":[{"name":"wp","href":"https:\/\/api.w.org\/{rel}","templated":true}]}}