{"id":597,"date":"2012-05-02T09:14:30","date_gmt":"2012-05-02T08:14:30","guid":{"rendered":"http:\/\/tv-tregor.com\/web-precedent\/2012\/05\/02\/emile-orain-itineraire-dun-grand-randonneur-2eme-partie-1253\/"},"modified":"2016-01-15T11:07:40","modified_gmt":"2016-01-15T10:07:40","slug":"emile-orain-itineraire-dun-grand-randonneur-2eme-partie-1253","status":"publish","type":"post","link":"https:\/\/tv-tregor.com\/web-precedent\/2012\/05\/02\/emile-orain-itineraire-dun-grand-randonneur-2eme-partie-1253\/","title":{"rendered":"EMILE ORAIN &#8211; Itin\u00e9raire d&rsquo;un Grand Randonneur (2\u00e8me partie) &#8211; 12&rsquo;53\u00a0\u00bb"},"content":{"rendered":"<p><a title=\"Regarder le document vid\u00e9o\" href=\"https:\/\/tv-tregor.com\/web-precedent\/www\/streams\/emile-orain-p2.html\">Regarder le document vid\u00e9o<\/a><\/p>\n<h2>\n<img decoding=\"async\" src=\"https:\/\/tv-tregor.com\/web-precedent\/IMG\/jpg\/emile-orain-g.jpg\" alt=\"emile-orain-g.jpg\" align=\"center\" \/><\/p>\n<p>Voici la suite de notre balade dans le temps et dans l&rsquo;espace en compagnie d&rsquo;Emile Orain. Il nous parle ici des topo-guides, de l&rsquo;entretien des sentiers et de l&rsquo;\u00e9volution de la randonn\u00e9e p\u00e9destre. Suivons donc cet infatigable marcheur qui est revenu, pour TV-Tr\u00e9gor.com, sur les traces de son premier sentier, entre Beg-L\u00e9guer et Tr\u00e9beurden. Dur\u00e9e : 12&rsquo;53\u00a0\u00bb R\u00e9alisation : <strong>Jean-Dominique Gauthier<\/strong> avec le concours de Jean-Jacques Monnier et de Pierre Lavanant. Si vous souhaitez revoir la premi\u00e8re partie de ce document, <a href=\"http:\/\/www.tv-tregor.com\/web-precedent\/www\/streams\/emile-orain-p1.html\">cliquez-ici<\/a><\/h2>\n","protected":false},"excerpt":{"rendered":"<p><a title=\"Regarder le document vid\u00e9o\" href=\"https:\/\/tv-tregor.com\/web-precedent\/www\/streams\/emile-orain-p2.html\">Regarder le document vid\u00e9o<\/a><\/p>\n<h2> <img decoding=\"async\" src=\"https:\/\/tv-tregor.com\/web-precedent\/IMG\/jpg\/emile-orain-g.jpg\" alt=\"emile-orain-g.jpg\" align=\"center\" \/><\/p>\n<p>Voici la suite de notre balade dans le temps et dans l&rsquo;espace en compagnie d&rsquo;Emile Orain. Il nous parle ici des topo-guides, de l&rsquo;entretien  \u2026  <a href=\"https:\/\/tv-tregor.com\/web-precedent\/2012\/05\/02\/emile-orain-itineraire-dun-grand-randonneur-2eme-partie-1253\/\">&#8230;lire le sujet&#8230; <span class=\"meta-nav\">&rarr; <\/span><\/a><\/p>\n","protected":false},"author":1,"featured_media":0,"comment_status":"open","ping_status":"open","sticky":false,"template":"","format":"standard","meta":{"footnotes":""},"categories":[55],"tags":[],"class_list":["post-597","post","type-post","status-publish","format-standard","hentry","category-portraits"],"_links":{"self":[{"href":"https:\/\/tv-tregor.com\/web-precedent\/wp-json\/wp\/v2\/posts\/597","targetHints":{"allow":["GET"]}}],"collection":[{"href":"https:\/\/tv-tregor.com\/web-precedent\/wp-json\/wp\/v2\/posts"}],"about":[{"href":"https:\/\/tv-tregor.com\/web-precedent\/wp-json\/wp\/v2\/types\/post"}],"author":[{"embeddable":true,"href":"https:\/\/tv-tregor.com\/web-precedent\/wp-json\/wp\/v2\/users\/1"}],"replies":[{"embeddable":true,"href":"https:\/\/tv-tregor.com\/web-precedent\/wp-json\/wp\/v2\/comments?post=597"}],"version-history":[{"count":1,"href":"https:\/\/tv-tregor.com\/web-precedent\/wp-json\/wp\/v2\/posts\/597\/revisions"}],"predecessor-version":[{"id":824,"href":"https:\/\/tv-tregor.com\/web-precedent\/wp-json\/wp\/v2\/posts\/597\/revisions\/824"}],"wp:attachment":[{"href":"https:\/\/tv-tregor.com\/web-precedent\/wp-json\/wp\/v2\/media?parent=597"}],"wp:term":[{"taxonomy":"category","embeddable":true,"href":"https:\/\/tv-tregor.com\/web-precedent\/wp-json\/wp\/v2\/categories?post=597"},{"taxonomy":"post_tag","embeddable":true,"href":"https:\/\/tv-tregor.com\/web-precedent\/wp-json\/wp\/v2\/tags?post=597"}],"curies":[{"name":"wp","href":"https:\/\/api.w.org\/{rel}","templated":true}]}}