{"id":588,"date":"2012-02-28T14:41:26","date_gmt":"2012-02-28T13:41:26","guid":{"rendered":"http:\/\/tv-tregor.com\/web-precedent\/2012\/02\/28\/emile-orain-itineraire-dun-grand-randonneur-1ere-partie-1528\/"},"modified":"2016-01-15T11:12:16","modified_gmt":"2016-01-15T10:12:16","slug":"emile-orain-itineraire-dun-grand-randonneur-1ere-partie-1528","status":"publish","type":"post","link":"https:\/\/tv-tregor.com\/web-precedent\/2012\/02\/28\/emile-orain-itineraire-dun-grand-randonneur-1ere-partie-1528\/","title":{"rendered":"EMILE ORAIN &#8211; Itin\u00e9raire d&rsquo;un Grand Randonneur (1\u00e8re partie) &#8211; 15&rsquo;28\u00a0\u00bb"},"content":{"rendered":"<p><a title=\"Regarder la video\" href=\"https:\/\/tv-tregor.com\/web-precedent\/www\/streams\/emile-orain-p1.html\">Regarder la video<\/a><\/p>\n<h2>\n<img decoding=\"async\" src=\"https:\/\/tv-tregor.com\/web-precedent\/IMG\/jpg\/emile-orain-4g.jpg\" alt=\"emile-orain-4g.jpg\" align=\"center\" \/><\/p>\n<p>Si notre d\u00e9partement est si bien dot\u00e9 en sentiers de randonn\u00e9e, nous le devons en grande partie \u00e0 un personnage Tr\u00e9gorrois qui a \u00e9t\u00e9 \u00e0 l&rsquo;origine de leur cr\u00e9ation, en 1968, il y a 44 ans. Retour sur cette \u00e9pop\u00e9e en compagnie d&rsquo;<strong>Emile Orain<\/strong>, pionnier des GR et des PR bretons. Premi\u00e8re partie &#8211; dur\u00e9e 15&rsquo;28\u00a0\u00bb R\u00e9alisation : <strong>Jean-Dominique Gauthier<\/strong> avec le concours de Pierre Lavanant<\/h2>\n","protected":false},"excerpt":{"rendered":"<p><a title=\"Regarder la video\" href=\"https:\/\/tv-tregor.com\/web-precedent\/www\/streams\/emile-orain-p1.html\">Regarder la video<\/a><\/p>\n<h2> <img decoding=\"async\" src=\"https:\/\/tv-tregor.com\/web-precedent\/IMG\/jpg\/emile-orain-4g.jpg\" alt=\"emile-orain-4g.jpg\" align=\"center\" \/><\/p>\n<p>Si notre d\u00e9partement est si bien dot\u00e9 en sentiers de randonn\u00e9e, nous le devons en grande partie \u00e0 un personnage Tr\u00e9gorrois qui a \u00e9t\u00e9 \u00e0 l&rsquo;origine  \u2026  <a href=\"https:\/\/tv-tregor.com\/web-precedent\/2012\/02\/28\/emile-orain-itineraire-dun-grand-randonneur-1ere-partie-1528\/\">&#8230;lire le sujet&#8230; <span class=\"meta-nav\">&rarr; <\/span><\/a><\/p>\n","protected":false},"author":1,"featured_media":0,"comment_status":"open","ping_status":"open","sticky":false,"template":"","format":"standard","meta":{"footnotes":""},"categories":[55],"tags":[],"class_list":["post-588","post","type-post","status-publish","format-standard","hentry","category-portraits"],"_links":{"self":[{"href":"https:\/\/tv-tregor.com\/web-precedent\/wp-json\/wp\/v2\/posts\/588","targetHints":{"allow":["GET"]}}],"collection":[{"href":"https:\/\/tv-tregor.com\/web-precedent\/wp-json\/wp\/v2\/posts"}],"about":[{"href":"https:\/\/tv-tregor.com\/web-precedent\/wp-json\/wp\/v2\/types\/post"}],"author":[{"embeddable":true,"href":"https:\/\/tv-tregor.com\/web-precedent\/wp-json\/wp\/v2\/users\/1"}],"replies":[{"embeddable":true,"href":"https:\/\/tv-tregor.com\/web-precedent\/wp-json\/wp\/v2\/comments?post=588"}],"version-history":[{"count":1,"href":"https:\/\/tv-tregor.com\/web-precedent\/wp-json\/wp\/v2\/posts\/588\/revisions"}],"predecessor-version":[{"id":830,"href":"https:\/\/tv-tregor.com\/web-precedent\/wp-json\/wp\/v2\/posts\/588\/revisions\/830"}],"wp:attachment":[{"href":"https:\/\/tv-tregor.com\/web-precedent\/wp-json\/wp\/v2\/media?parent=588"}],"wp:term":[{"taxonomy":"category","embeddable":true,"href":"https:\/\/tv-tregor.com\/web-precedent\/wp-json\/wp\/v2\/categories?post=588"},{"taxonomy":"post_tag","embeddable":true,"href":"https:\/\/tv-tregor.com\/web-precedent\/wp-json\/wp\/v2\/tags?post=588"}],"curies":[{"name":"wp","href":"https:\/\/api.w.org\/{rel}","templated":true}]}}