{"id":582,"date":"2012-01-25T10:58:19","date_gmt":"2012-01-25T09:58:19","guid":{"rendered":"http:\/\/tv-tregor.com\/web-precedent\/2012\/01\/25\/voeux-de-lta-et-de-lannion-le-torchon-brule-t-il-vraiment-43\/"},"modified":"2016-01-20T17:51:18","modified_gmt":"2016-01-20T16:51:18","slug":"voeux-de-lta-et-de-lannion-le-torchon-brule-t-il-vraiment-43","status":"publish","type":"post","link":"https:\/\/tv-tregor.com\/web-precedent\/2012\/01\/25\/voeux-de-lta-et-de-lannion-le-torchon-brule-t-il-vraiment-43\/","title":{"rendered":"Voeux de LTA et de Lannion : le torchon br\u00fble-t-il vraiment ? &#8211; 43&prime;"},"content":{"rendered":"<p><a href=\"https:\/\/tv-tregor.com\/web-precedent\/www\/streams\/voeux-lta-ln-wmv.html\" title=\"Regarder le sujet\">Regarder la vid\u00e9o <\/a><\/p>\n<p><a href=\"http:\/\/www.tv-tregor.com\/web-precedent\/www\/streams\/voeux-lta-ln-wmv.html\" title=\"Regarder le sujet\"><img decoding=\"async\" src=\"https:\/\/tv-tregor.com\/web-precedent\/IMG\/jpg\/voeux-lta-ln-logo-g.jpg\" alt=\"voeux-lta-ln-logo-g.jpg\" align=\"center\" \/><\/a> <\/p>\n<p> <BR> A l&rsquo;occasion des traditionnels voeux 2012 \u00ab\u00a0aux corps constitu\u00e9s\u00a0\u00bb, le 6 Janvier dernier, Jo\u00ebl Le Jeune, pr\u00e9sident de Lannion-Tr\u00e9gor Agglom\u00e9ration, et Christian Marquet, maire de Lannion, ont tenu des propos qui ont \u00e9t\u00e9 interpr\u00eat\u00e9s  par la presse \u00e9crite locale comme un v\u00e9ritable \u00ab\u00a0divorce\u00a0\u00bb entre ces deux institutions.   Souvent avide de \u00ab\u00a0scoops\u00a0\u00bb, la presse n&rsquo;exag\u00e8re-telle pas ? Si vous voulez vous forger votre propre opinion \u00e0 ce sujet, nous vous invitons \u00e0 suivre l&rsquo;int\u00e9gralit\u00e9 des deux discours tenus ce jour-l\u00e0&#8230;. Attention, le tout fait pr\u00e8s de 43 minutes.  Reportage de 42&prime; 55&Prime; <\/p>\n","protected":false},"excerpt":{"rendered":"<p><a href=\"https:\/\/tv-tregor.com\/web-precedent\/www\/streams\/voeux-lta-ln-wmv.html\" title=\"Regarder le sujet\">Regarder la vid\u00e9o <\/a><\/p>\n<p><a href=\"http:\/\/www.tv-tregor.com\/web-precedent\/www\/streams\/voeux-lta-ln-wmv.html\" title=\"Regarder le sujet\"><img decoding=\"async\" src=\"https:\/\/tv-tregor.com\/web-precedent\/IMG\/jpg\/voeux-lta-ln-logo-g.jpg\" alt=\"voeux-lta-ln-logo-g.jpg\" align=\"center\" \/><\/a> <\/p>\n<p> <BR> A l&rsquo;occasion des traditionnels voeux 2012 \u00ab\u00a0aux corps constitu\u00e9s\u00a0\u00bb, le 6 Janvier dernier, Jo\u00ebl Le Jeune, pr\u00e9sident de Lannion-Tr\u00e9gor  \u2026  <a href=\"https:\/\/tv-tregor.com\/web-precedent\/2012\/01\/25\/voeux-de-lta-et-de-lannion-le-torchon-brule-t-il-vraiment-43\/\">&#8230;lire le sujet&#8230; <span class=\"meta-nav\">&rarr; <\/span><\/a><\/p>\n","protected":false},"author":1,"featured_media":0,"comment_status":"open","ping_status":"open","sticky":false,"template":"","format":"standard","meta":{"footnotes":""},"categories":[2],"tags":[],"class_list":["post-582","post","type-post","status-publish","format-standard","hentry","category-info-locale"],"_links":{"self":[{"href":"https:\/\/tv-tregor.com\/web-precedent\/wp-json\/wp\/v2\/posts\/582","targetHints":{"allow":["GET"]}}],"collection":[{"href":"https:\/\/tv-tregor.com\/web-precedent\/wp-json\/wp\/v2\/posts"}],"about":[{"href":"https:\/\/tv-tregor.com\/web-precedent\/wp-json\/wp\/v2\/types\/post"}],"author":[{"embeddable":true,"href":"https:\/\/tv-tregor.com\/web-precedent\/wp-json\/wp\/v2\/users\/1"}],"replies":[{"embeddable":true,"href":"https:\/\/tv-tregor.com\/web-precedent\/wp-json\/wp\/v2\/comments?post=582"}],"version-history":[{"count":2,"href":"https:\/\/tv-tregor.com\/web-precedent\/wp-json\/wp\/v2\/posts\/582\/revisions"}],"predecessor-version":[{"id":991,"href":"https:\/\/tv-tregor.com\/web-precedent\/wp-json\/wp\/v2\/posts\/582\/revisions\/991"}],"wp:attachment":[{"href":"https:\/\/tv-tregor.com\/web-precedent\/wp-json\/wp\/v2\/media?parent=582"}],"wp:term":[{"taxonomy":"category","embeddable":true,"href":"https:\/\/tv-tregor.com\/web-precedent\/wp-json\/wp\/v2\/categories?post=582"},{"taxonomy":"post_tag","embeddable":true,"href":"https:\/\/tv-tregor.com\/web-precedent\/wp-json\/wp\/v2\/tags?post=582"}],"curies":[{"name":"wp","href":"https:\/\/api.w.org\/{rel}","templated":true}]}}