{"id":579,"date":"2012-01-03T23:11:39","date_gmt":"2012-01-03T22:11:39","guid":{"rendered":"http:\/\/tv-tregor.com\/web-precedent\/2012\/01\/03\/lannion-la-nouvelle-place-du-centre-6-15\/"},"modified":"2016-01-20T17:52:10","modified_gmt":"2016-01-20T16:52:10","slug":"lannion-la-nouvelle-place-du-centre-6-15","status":"publish","type":"post","link":"https:\/\/tv-tregor.com\/web-precedent\/2012\/01\/03\/lannion-la-nouvelle-place-du-centre-6-15\/","title":{"rendered":"Lannion &#8211; la nouvelle place du Centre &#8211; 6&prime; 15&Prime;"},"content":{"rendered":"<p><a href=\"https:\/\/tv-tregor.com\/web-precedent\/www\/streams\/place-centre-wmv.html\" title=\"Regarder le sujet\">Regarder la vid\u00e9o <\/a><\/p>\n<p><a href=\"http:\/\/www.tv-tregor.com\/web-precedent\/www\/streams\/place-centre-wmv.html\" title=\"Regarder le sujet\"><img decoding=\"async\" src=\"https:\/\/tv-tregor.com\/web-precedent\/IMG\/jpg\/logo-place-centre-g.jpg\" alt=\"logo-place-centre-g.jpg\" align=\"center\" \/><\/a> <\/p>\n<p> <BR> le 10 D\u00e9cembre dernier \u00e9tait inaugur\u00e9, apr\u00e8s de longs travaux, le nouveau visage de la place du G\u00e9n\u00e9ral Leclerc &#8211; dite place du Centre &#8211; \u00e0 Lannion. March\u00e9 de No\u00ebl, bagad Sonerien bro Dreger, vin chaud, petit train, lampions et l\u00e2cher de ballons participaient \u00e0 cet \u00e9v\u00e9nement.  L&rsquo;occasion pour TV-Tr\u00e9gor de plonger dans la foule pour un petit micro-trottoir&#8230;.  Reportage de 6&prime; 15&Prime; <\/p>\n","protected":false},"excerpt":{"rendered":"<p><a href=\"https:\/\/tv-tregor.com\/web-precedent\/www\/streams\/place-centre-wmv.html\" title=\"Regarder le sujet\">Regarder la vid\u00e9o <\/a><\/p>\n<p><a href=\"http:\/\/www.tv-tregor.com\/web-precedent\/www\/streams\/place-centre-wmv.html\" title=\"Regarder le sujet\"><img decoding=\"async\" src=\"https:\/\/tv-tregor.com\/web-precedent\/IMG\/jpg\/logo-place-centre-g.jpg\" alt=\"logo-place-centre-g.jpg\" align=\"center\" \/><\/a> <\/p>\n<p> <BR> le 10 D\u00e9cembre dernier \u00e9tait inaugur\u00e9, apr\u00e8s de longs travaux, le nouveau visage de la place du G\u00e9n\u00e9ral Leclerc  \u2026  <a href=\"https:\/\/tv-tregor.com\/web-precedent\/2012\/01\/03\/lannion-la-nouvelle-place-du-centre-6-15\/\">&#8230;lire le sujet&#8230; <span class=\"meta-nav\">&rarr; <\/span><\/a><\/p>\n","protected":false},"author":1,"featured_media":0,"comment_status":"open","ping_status":"open","sticky":false,"template":"","format":"standard","meta":{"footnotes":""},"categories":[2],"tags":[],"class_list":["post-579","post","type-post","status-publish","format-standard","hentry","category-info-locale"],"_links":{"self":[{"href":"https:\/\/tv-tregor.com\/web-precedent\/wp-json\/wp\/v2\/posts\/579","targetHints":{"allow":["GET"]}}],"collection":[{"href":"https:\/\/tv-tregor.com\/web-precedent\/wp-json\/wp\/v2\/posts"}],"about":[{"href":"https:\/\/tv-tregor.com\/web-precedent\/wp-json\/wp\/v2\/types\/post"}],"author":[{"embeddable":true,"href":"https:\/\/tv-tregor.com\/web-precedent\/wp-json\/wp\/v2\/users\/1"}],"replies":[{"embeddable":true,"href":"https:\/\/tv-tregor.com\/web-precedent\/wp-json\/wp\/v2\/comments?post=579"}],"version-history":[{"count":1,"href":"https:\/\/tv-tregor.com\/web-precedent\/wp-json\/wp\/v2\/posts\/579\/revisions"}],"predecessor-version":[{"id":994,"href":"https:\/\/tv-tregor.com\/web-precedent\/wp-json\/wp\/v2\/posts\/579\/revisions\/994"}],"wp:attachment":[{"href":"https:\/\/tv-tregor.com\/web-precedent\/wp-json\/wp\/v2\/media?parent=579"}],"wp:term":[{"taxonomy":"category","embeddable":true,"href":"https:\/\/tv-tregor.com\/web-precedent\/wp-json\/wp\/v2\/categories?post=579"},{"taxonomy":"post_tag","embeddable":true,"href":"https:\/\/tv-tregor.com\/web-precedent\/wp-json\/wp\/v2\/tags?post=579"}],"curies":[{"name":"wp","href":"https:\/\/api.w.org\/{rel}","templated":true}]}}