{"id":578,"date":"2011-12-28T01:30:25","date_gmt":"2011-12-28T00:30:25","guid":{"rendered":"http:\/\/tv-tregor.com\/web-precedent\/2011\/12\/28\/radomijazz-en-concert-11-30\/"},"modified":"2011-12-28T01:30:25","modified_gmt":"2011-12-28T00:30:25","slug":"radomijazz-en-concert-11-30","status":"publish","type":"post","link":"https:\/\/tv-tregor.com\/web-precedent\/2011\/12\/28\/radomijazz-en-concert-11-30\/","title":{"rendered":"Radomijazz en concert &#8211; 11&prime; 30&Prime;"},"content":{"rendered":"<p><a href=\"https:\/\/tv-tregor.com\/web-precedent\/www\/streams\/radomijazz-wmv.html\" title=\"Regarder le sujet\">Regarder la vid\u00e9o <\/a><\/p>\n<p><a href=\"http:\/\/www.tv-tregor.com\/web-precedent\/www\/streams\/radomijazz-wmv.html\" title=\"Regarder le sujet\"><img decoding=\"async\" src=\"https:\/\/tv-tregor.com\/web-precedent\/IMG\/jpg\/radomijazzg.jpg\" alt=\"radomijazzg.jpg\" align=\"center\" \/><\/a> <\/p>\n<p> <BR> Dans le cadre de l&rsquo;op\u00e9ration \u00ab\u00a0Jazz nomade en C\u00f4tes d&rsquo;Armor\u00a0\u00bb, initi\u00e9e par le Conseil G\u00e9n\u00e9ral, le groupe \u00ab\u00a0Ra-Do-Mi-Jazz\u00a0\u00bb (de Pleumeur-Bodou) se produisait \u00e0 la m\u00e9diath\u00e8que de Lannion le 10 D\u00e9cembre dernier.  C&rsquo;est l&rsquo;occasion de d\u00e9couvrir les coulisses de ce nouveau festival costarmoricain ainsi que ce groupe sympathique de notre territoire qui interpr\u00e8te des chansons de Claude Nougaro, Boris Vian ou Bjork.  Reportage de 11&prime; 30&Prime; <\/p>\n","protected":false},"excerpt":{"rendered":"<p><a href=\"https:\/\/tv-tregor.com\/web-precedent\/www\/streams\/radomijazz-wmv.html\" title=\"Regarder le sujet\">Regarder la vid\u00e9o <\/a><\/p>\n<p><a href=\"http:\/\/www.tv-tregor.com\/web-precedent\/www\/streams\/radomijazz-wmv.html\" title=\"Regarder le sujet\"><img decoding=\"async\" src=\"https:\/\/tv-tregor.com\/web-precedent\/IMG\/jpg\/radomijazzg.jpg\" alt=\"radomijazzg.jpg\" align=\"center\" \/><\/a> <\/p>\n<p> <BR> Dans le cadre de l&rsquo;op\u00e9ration \u00ab\u00a0Jazz nomade en C\u00f4tes d&rsquo;Armor\u00a0\u00bb, initi\u00e9e par le Conseil G\u00e9n\u00e9ral, le groupe \u00ab\u00a0Ra-Do-Mi-Jazz\u00a0\u00bb (de  \u2026  <a href=\"https:\/\/tv-tregor.com\/web-precedent\/2011\/12\/28\/radomijazz-en-concert-11-30\/\">&#8230;lire le sujet&#8230; <span class=\"meta-nav\">&rarr; <\/span><\/a><\/p>\n","protected":false},"author":1,"featured_media":0,"comment_status":"open","ping_status":"open","sticky":false,"template":"","format":"standard","meta":{"footnotes":""},"categories":[8],"tags":[],"class_list":["post-578","post","type-post","status-publish","format-standard","hentry","category-evenements"],"_links":{"self":[{"href":"https:\/\/tv-tregor.com\/web-precedent\/wp-json\/wp\/v2\/posts\/578","targetHints":{"allow":["GET"]}}],"collection":[{"href":"https:\/\/tv-tregor.com\/web-precedent\/wp-json\/wp\/v2\/posts"}],"about":[{"href":"https:\/\/tv-tregor.com\/web-precedent\/wp-json\/wp\/v2\/types\/post"}],"author":[{"embeddable":true,"href":"https:\/\/tv-tregor.com\/web-precedent\/wp-json\/wp\/v2\/users\/1"}],"replies":[{"embeddable":true,"href":"https:\/\/tv-tregor.com\/web-precedent\/wp-json\/wp\/v2\/comments?post=578"}],"version-history":[{"count":0,"href":"https:\/\/tv-tregor.com\/web-precedent\/wp-json\/wp\/v2\/posts\/578\/revisions"}],"wp:attachment":[{"href":"https:\/\/tv-tregor.com\/web-precedent\/wp-json\/wp\/v2\/media?parent=578"}],"wp:term":[{"taxonomy":"category","embeddable":true,"href":"https:\/\/tv-tregor.com\/web-precedent\/wp-json\/wp\/v2\/categories?post=578"},{"taxonomy":"post_tag","embeddable":true,"href":"https:\/\/tv-tregor.com\/web-precedent\/wp-json\/wp\/v2\/tags?post=578"}],"curies":[{"name":"wp","href":"https:\/\/api.w.org\/{rel}","templated":true}]}}