{"id":577,"date":"2011-12-19T17:39:22","date_gmt":"2011-12-19T16:39:22","guid":{"rendered":"http:\/\/tv-tregor.com\/web-precedent\/2011\/12\/19\/salon-du-livre-de-carhaix-311\/"},"modified":"2016-01-15T11:19:19","modified_gmt":"2016-01-15T10:19:19","slug":"salon-du-livre-de-carhaix-311","status":"publish","type":"post","link":"https:\/\/tv-tregor.com\/web-precedent\/2011\/12\/19\/salon-du-livre-de-carhaix-311\/","title":{"rendered":"Salon du livre de Carhaix &#8211; 3&rsquo;11\u00a0\u00bb"},"content":{"rendered":"<p><a title=\"Regarder la video\" href=\"https:\/\/tv-tregor.com\/web-precedent\/www\/streams\/salon-livre-carhaix-wmv.html\">Regarder la video<\/a><\/p>\n<h2>\n<img decoding=\"async\" src=\"https:\/\/tv-tregor.com\/web-precedent\/IMG\/jpg\/salon-livre-g.jpg\" alt=\"salon-livre-g.jpg\" align=\"center\" \/><\/p>\n<p>Au salon du livre de Carhaix, Tudi Cr\u00e9quer, \u00e9tudiant en journalisme \u00e0 l\u2019IUT de Lannion, a rencontr\u00e9 deux Tr\u00e9gorrois, J\u00e9r\u00f4me Olivry et Marcel Diouris, et un Cornouaillais, Yann-Fa\u00f1ch Jacq : ils ont parl\u00e9 d\u2019 Anjela Duval d\u00e9c\u00e9d\u00e9e en 1981, de litt\u00e9rature, de l\u2019Emsav (mouvement culturel breton) et de la place des jeunes bretonnants en Bretagne Reportage de 3&rsquo;11\u00a0\u00bb en breton, sous-titr\u00e9 en fran\u00e7ais<\/h2>\n","protected":false},"excerpt":{"rendered":"<p><a title=\"Regarder la video\" href=\"https:\/\/tv-tregor.com\/web-precedent\/www\/streams\/salon-livre-carhaix-wmv.html\">Regarder la video<\/a><\/p>\n<h2> <img decoding=\"async\" src=\"https:\/\/tv-tregor.com\/web-precedent\/IMG\/jpg\/salon-livre-g.jpg\" alt=\"salon-livre-g.jpg\" align=\"center\" \/><\/p>\n<p>Au salon du livre de Carhaix, Tudi Cr\u00e9quer, \u00e9tudiant en journalisme \u00e0 l\u2019IUT de Lannion, a rencontr\u00e9 deux Tr\u00e9gorrois, J\u00e9r\u00f4me Olivry et Marcel Diouris, et un  \u2026  <a href=\"https:\/\/tv-tregor.com\/web-precedent\/2011\/12\/19\/salon-du-livre-de-carhaix-311\/\">&#8230;lire le sujet&#8230; <span class=\"meta-nav\">&rarr; <\/span><\/a><\/p>\n","protected":false},"author":1,"featured_media":0,"comment_status":"open","ping_status":"open","sticky":false,"template":"","format":"standard","meta":{"footnotes":""},"categories":[14],"tags":[],"class_list":["post-577","post","type-post","status-publish","format-standard","hentry","category-culture"],"_links":{"self":[{"href":"https:\/\/tv-tregor.com\/web-precedent\/wp-json\/wp\/v2\/posts\/577","targetHints":{"allow":["GET"]}}],"collection":[{"href":"https:\/\/tv-tregor.com\/web-precedent\/wp-json\/wp\/v2\/posts"}],"about":[{"href":"https:\/\/tv-tregor.com\/web-precedent\/wp-json\/wp\/v2\/types\/post"}],"author":[{"embeddable":true,"href":"https:\/\/tv-tregor.com\/web-precedent\/wp-json\/wp\/v2\/users\/1"}],"replies":[{"embeddable":true,"href":"https:\/\/tv-tregor.com\/web-precedent\/wp-json\/wp\/v2\/comments?post=577"}],"version-history":[{"count":1,"href":"https:\/\/tv-tregor.com\/web-precedent\/wp-json\/wp\/v2\/posts\/577\/revisions"}],"predecessor-version":[{"id":840,"href":"https:\/\/tv-tregor.com\/web-precedent\/wp-json\/wp\/v2\/posts\/577\/revisions\/840"}],"wp:attachment":[{"href":"https:\/\/tv-tregor.com\/web-precedent\/wp-json\/wp\/v2\/media?parent=577"}],"wp:term":[{"taxonomy":"category","embeddable":true,"href":"https:\/\/tv-tregor.com\/web-precedent\/wp-json\/wp\/v2\/categories?post=577"},{"taxonomy":"post_tag","embeddable":true,"href":"https:\/\/tv-tregor.com\/web-precedent\/wp-json\/wp\/v2\/tags?post=577"}],"curies":[{"name":"wp","href":"https:\/\/api.w.org\/{rel}","templated":true}]}}