{"id":575,"date":"2011-12-07T09:19:10","date_gmt":"2011-12-07T08:19:10","guid":{"rendered":"http:\/\/tv-tregor.com\/web-precedent\/2011\/12\/07\/faites-de-la-soupe-541\/"},"modified":"2016-01-15T11:19:45","modified_gmt":"2016-01-15T10:19:45","slug":"faites-de-la-soupe-541","status":"publish","type":"post","link":"https:\/\/tv-tregor.com\/web-precedent\/2011\/12\/07\/faites-de-la-soupe-541\/","title":{"rendered":"Fa\u00eetes de la soupe &#8211; 5&rsquo;41\u00a0\u00bb"},"content":{"rendered":"<p><a title=\"Regarder la video\" href=\"https:\/\/tv-tregor.com\/web-precedent\/www\/streams\/faites-soupe-wmv.html\">Regarder la video<\/a><\/p>\n<h2>\n<img decoding=\"async\" src=\"https:\/\/tv-tregor.com\/web-precedent\/IMG\/jpg\/faites-soupe-g.jpg\" alt=\"faites-soupe-g.jpg\" align=\"center\" \/><\/p>\n<p>Sous la houlette de C\u00e9line Auffray, le centre social de Lannion organisait ce 26 octobre dans ses locaux \u00e0 Ker-Uhel, avec l&rsquo;aide des b\u00e9n\u00e9voles et de la r\u00e9gie de quartier, la deuxi\u00e8me \u00e9dition de <strong>\u00abFa\u00eetes de la soupe\u00bb<\/strong>. Une multitude d&rsquo;activit\u00e9s avaient \u00e9t\u00e9 organis\u00e9es, autour de ce plat embl\u00e9matique de la saison : pr\u00e9paration d&rsquo;une grande soupe commune, de d\u00e9gustations, de taille de potirons, d&rsquo;ap\u00e9ritifs \u00e0 base de l\u00e9gumes du jardin de quartier partag\u00e9 ; et, bien s\u00fbr, un concours de la meilleure potion. Vous d\u00e9couvrirez, \u00e0 travers ce reportage, le d\u00e9roulement de ce moment tr\u00e8s convivial avec, en vedettes, les laur\u00e9ats de la louche d&rsquo;or, de l&rsquo;\u00e9crase l\u00e9gumes d&rsquo;argent, et de l&rsquo;\u00e9conome de bronze. Tout un programme &#8230; Reportage de 5&rsquo;41\u00a0\u00bb<\/h2>\n","protected":false},"excerpt":{"rendered":"<p><a title=\"Regarder la video\" href=\"https:\/\/tv-tregor.com\/web-precedent\/www\/streams\/faites-soupe-wmv.html\">Regarder la video<\/a><\/p>\n<h2> <img decoding=\"async\" src=\"https:\/\/tv-tregor.com\/web-precedent\/IMG\/jpg\/faites-soupe-g.jpg\" alt=\"faites-soupe-g.jpg\" align=\"center\" \/><\/p>\n<p>Sous la houlette de C\u00e9line Auffray, le centre social de Lannion organisait ce 26 octobre dans ses locaux \u00e0 Ker-Uhel, avec l&rsquo;aide des b\u00e9n\u00e9voles et de  \u2026  <a href=\"https:\/\/tv-tregor.com\/web-precedent\/2011\/12\/07\/faites-de-la-soupe-541\/\">&#8230;lire le sujet&#8230; <span class=\"meta-nav\">&rarr; <\/span><\/a><\/p>\n","protected":false},"author":1,"featured_media":0,"comment_status":"open","ping_status":"open","sticky":false,"template":"","format":"standard","meta":{"footnotes":""},"categories":[33],"tags":[],"class_list":["post-575","post","type-post","status-publish","format-standard","hentry","category-cuisine"],"_links":{"self":[{"href":"https:\/\/tv-tregor.com\/web-precedent\/wp-json\/wp\/v2\/posts\/575","targetHints":{"allow":["GET"]}}],"collection":[{"href":"https:\/\/tv-tregor.com\/web-precedent\/wp-json\/wp\/v2\/posts"}],"about":[{"href":"https:\/\/tv-tregor.com\/web-precedent\/wp-json\/wp\/v2\/types\/post"}],"author":[{"embeddable":true,"href":"https:\/\/tv-tregor.com\/web-precedent\/wp-json\/wp\/v2\/users\/1"}],"replies":[{"embeddable":true,"href":"https:\/\/tv-tregor.com\/web-precedent\/wp-json\/wp\/v2\/comments?post=575"}],"version-history":[{"count":1,"href":"https:\/\/tv-tregor.com\/web-precedent\/wp-json\/wp\/v2\/posts\/575\/revisions"}],"predecessor-version":[{"id":841,"href":"https:\/\/tv-tregor.com\/web-precedent\/wp-json\/wp\/v2\/posts\/575\/revisions\/841"}],"wp:attachment":[{"href":"https:\/\/tv-tregor.com\/web-precedent\/wp-json\/wp\/v2\/media?parent=575"}],"wp:term":[{"taxonomy":"category","embeddable":true,"href":"https:\/\/tv-tregor.com\/web-precedent\/wp-json\/wp\/v2\/categories?post=575"},{"taxonomy":"post_tag","embeddable":true,"href":"https:\/\/tv-tregor.com\/web-precedent\/wp-json\/wp\/v2\/tags?post=575"}],"curies":[{"name":"wp","href":"https:\/\/api.w.org\/{rel}","templated":true}]}}