{"id":572,"date":"2011-11-15T18:32:48","date_gmt":"2011-11-15T17:32:48","guid":{"rendered":"http:\/\/tv-tregor.com\/web-precedent\/2011\/11\/15\/les-30-ans-du-jumelage-lannion-gunzburg-14-23\/"},"modified":"2016-01-17T21:45:32","modified_gmt":"2016-01-17T20:45:32","slug":"les-30-ans-du-jumelage-lannion-gunzburg-14-23","status":"publish","type":"post","link":"https:\/\/tv-tregor.com\/web-precedent\/2011\/11\/15\/les-30-ans-du-jumelage-lannion-gunzburg-14-23\/","title":{"rendered":"Les 30 ans du Jumelage Lannion &#8211; G\u00fcnzburg &#8211; 14&prime; 23&Prime;"},"content":{"rendered":"<p><a title=\"Regarder le sujet\" href=\"https:\/\/tv-tregor.com\/web-precedent\/www\/streams\/30-ans-jm-gz-ln-wmv.html\">Regarder la vid\u00e9o <\/a><\/p>\n<p><a title=\"Regarder le sujet\" href=\"http:\/\/www.tv-tregor.com\/web-precedent\/www\/streams\/30-ans-jm-gz-ln-wmv.html\"><img decoding=\"async\" src=\"https:\/\/tv-tregor.com\/web-precedent\/IMG\/jpg\/30_ans_Jum_Gz_logo_g.jpg\" alt=\"30_ans_Jum_Gz_logo_g.jpg\" align=\"center\" \/><\/a><\/p>\n<p>Reportage sur les festivit\u00e9s organis\u00e9es \u00e0 G\u00fcnzburg et Neustadt en Ao\u00fbt 2011 pour c\u00e9l\u00e9brer les 30 ans du Jumelage de G\u00fcnzburg et Lannion ainsi que les 20 ans d&rsquo;amiti\u00e9 entre G\u00fcnzburg et Neustadt.<\/p>\n<p>Les 30 ans du Jumelage de Lannion avec la ville de G\u00fcnzburg en bavi\u00e8re ont \u00e9t\u00e9 c\u00e9l\u00e9br\u00e9s \u00e0 G\u00fcnzburg en Ao\u00fbt 2011, ainsi que les 20 ans d&rsquo;amiti\u00e9 entre G\u00fcnzburg et Neustadt dans cette ville pr\u00e8s de Dresde. Les quelque 70 bretons et les quelques \u00e9lus lannionnais qui avaient fait le d\u00e9placement ont \u00e9t\u00e9 re\u00e7us de fa\u00e7on tout \u00e0 fait remarquable par les deux villes allemandes : d\u00e9fil\u00e9, f\u00eate populaire, march\u00e9 fran\u00e7ais, soir\u00e9e \u00e0 la Brasserie de G\u00fcnzburg, puis d\u00eener de c\u00e9r\u00e9monie \u00e0 Neustadt. Ce reportage vous donnera un aper\u00e7u de ces quelques jours partag\u00e9s sous l&rsquo;\u00e9gide des comit\u00e9s de Jumelage organisateurs.<\/p>\n","protected":false},"excerpt":{"rendered":"<p><a title=\"Regarder le sujet\" href=\"https:\/\/tv-tregor.com\/web-precedent\/www\/streams\/30-ans-jm-gz-ln-wmv.html\">Regarder la vid\u00e9o <\/a><\/p>\n<p><a title=\"Regarder le sujet\" href=\"http:\/\/www.tv-tregor.com\/web-precedent\/www\/streams\/30-ans-jm-gz-ln-wmv.html\"><img decoding=\"async\" src=\"https:\/\/tv-tregor.com\/web-precedent\/IMG\/jpg\/30_ans_Jum_Gz_logo_g.jpg\" alt=\"30_ans_Jum_Gz_logo_g.jpg\" align=\"center\" \/><\/a><\/p>\n<p>Reportage sur les festivit\u00e9s organis\u00e9es \u00e0 G\u00fcnzburg et Neustadt en Ao\u00fbt 2011 pour c\u00e9l\u00e9brer les 30 ans du Jumelage de G\u00fcnzburg et  \u2026  <a href=\"https:\/\/tv-tregor.com\/web-precedent\/2011\/11\/15\/les-30-ans-du-jumelage-lannion-gunzburg-14-23\/\">&#8230;lire le sujet&#8230; <span class=\"meta-nav\">&rarr; <\/span><\/a><\/p>\n","protected":false},"author":1,"featured_media":0,"comment_status":"open","ping_status":"open","sticky":false,"template":"","format":"standard","meta":{"footnotes":""},"categories":[14],"tags":[],"class_list":["post-572","post","type-post","status-publish","format-standard","hentry","category-culture"],"_links":{"self":[{"href":"https:\/\/tv-tregor.com\/web-precedent\/wp-json\/wp\/v2\/posts\/572","targetHints":{"allow":["GET"]}}],"collection":[{"href":"https:\/\/tv-tregor.com\/web-precedent\/wp-json\/wp\/v2\/posts"}],"about":[{"href":"https:\/\/tv-tregor.com\/web-precedent\/wp-json\/wp\/v2\/types\/post"}],"author":[{"embeddable":true,"href":"https:\/\/tv-tregor.com\/web-precedent\/wp-json\/wp\/v2\/users\/1"}],"replies":[{"embeddable":true,"href":"https:\/\/tv-tregor.com\/web-precedent\/wp-json\/wp\/v2\/comments?post=572"}],"version-history":[{"count":1,"href":"https:\/\/tv-tregor.com\/web-precedent\/wp-json\/wp\/v2\/posts\/572\/revisions"}],"predecessor-version":[{"id":911,"href":"https:\/\/tv-tregor.com\/web-precedent\/wp-json\/wp\/v2\/posts\/572\/revisions\/911"}],"wp:attachment":[{"href":"https:\/\/tv-tregor.com\/web-precedent\/wp-json\/wp\/v2\/media?parent=572"}],"wp:term":[{"taxonomy":"category","embeddable":true,"href":"https:\/\/tv-tregor.com\/web-precedent\/wp-json\/wp\/v2\/categories?post=572"},{"taxonomy":"post_tag","embeddable":true,"href":"https:\/\/tv-tregor.com\/web-precedent\/wp-json\/wp\/v2\/tags?post=572"}],"curies":[{"name":"wp","href":"https:\/\/api.w.org\/{rel}","templated":true}]}}