{"id":571,"date":"2011-11-07T09:26:04","date_gmt":"2011-11-07T08:26:04","guid":{"rendered":"http:\/\/tv-tregor.com\/web-precedent\/2011\/11\/07\/anjela-duval-racontee-par-yann-ber-piriou-902\/"},"modified":"2011-11-07T09:26:04","modified_gmt":"2011-11-07T08:26:04","slug":"anjela-duval-racontee-par-yann-ber-piriou-902","status":"publish","type":"post","link":"https:\/\/tv-tregor.com\/web-precedent\/2011\/11\/07\/anjela-duval-racontee-par-yann-ber-piriou-902\/","title":{"rendered":"Anjela Duval racont\u00e9e par Yann-Ber Piriou &#8211; 9&rsquo;02\u00a0\u00bb"},"content":{"rendered":"<p><a href=\"https:\/\/tv-tregor.com\/web-precedent\/www\/streams\/anjela-duval-ybp-wmv.html\" title=\"Regarder la video\">Regarder la video<\/a><\/p>\n<p><img decoding=\"async\" src=\"https:\/\/tv-tregor.com\/web-precedent\/IMG\/jpg\/aj-jbp-3g.jpg\" alt=\"aj-jbp-3g.jpg\" align=\"center\" \/>  <\/p>\n<p>  30 ans apr\u00e8s sa mort, Anjela Duval fait toujours l&rsquo;objet de conf\u00e9rences, d&rsquo;expositions et de livres &#8230; Le 6 novembre, une statue \u00e0 son effigie a \u00e9t\u00e9 inaugur\u00e9e sur la place du Vieux March\u00e9 afin de rendre un nouvel hommage \u00e0 cette figure de la litt\u00e9rature bretonne. Dans ce reportage, Yann-Ber Piriou nous parle avec passion d&rsquo;Anjela Duval et de son oeuvre<\/p>\n","protected":false},"excerpt":{"rendered":"<p><a href=\"https:\/\/tv-tregor.com\/web-precedent\/www\/streams\/anjela-duval-ybp-wmv.html\" title=\"Regarder la video\">Regarder la video<\/a><\/p>\n<p><img decoding=\"async\" src=\"https:\/\/tv-tregor.com\/web-precedent\/IMG\/jpg\/aj-jbp-3g.jpg\" alt=\"aj-jbp-3g.jpg\" align=\"center\" \/> <\/p>\n<p> 30 ans apr\u00e8s sa mort, Anjela Duval fait toujours l&rsquo;objet de conf\u00e9rences, d&rsquo;expositions et de livres &#8230; Le 6 novembre, une statue \u00e0 son effigie  \u2026  <a href=\"https:\/\/tv-tregor.com\/web-precedent\/2011\/11\/07\/anjela-duval-racontee-par-yann-ber-piriou-902\/\">&#8230;lire le sujet&#8230; <span class=\"meta-nav\">&rarr; <\/span><\/a><\/p>\n","protected":false},"author":1,"featured_media":0,"comment_status":"open","ping_status":"open","sticky":false,"template":"","format":"standard","meta":{"footnotes":""},"categories":[14],"tags":[],"class_list":["post-571","post","type-post","status-publish","format-standard","hentry","category-culture"],"_links":{"self":[{"href":"https:\/\/tv-tregor.com\/web-precedent\/wp-json\/wp\/v2\/posts\/571","targetHints":{"allow":["GET"]}}],"collection":[{"href":"https:\/\/tv-tregor.com\/web-precedent\/wp-json\/wp\/v2\/posts"}],"about":[{"href":"https:\/\/tv-tregor.com\/web-precedent\/wp-json\/wp\/v2\/types\/post"}],"author":[{"embeddable":true,"href":"https:\/\/tv-tregor.com\/web-precedent\/wp-json\/wp\/v2\/users\/1"}],"replies":[{"embeddable":true,"href":"https:\/\/tv-tregor.com\/web-precedent\/wp-json\/wp\/v2\/comments?post=571"}],"version-history":[{"count":0,"href":"https:\/\/tv-tregor.com\/web-precedent\/wp-json\/wp\/v2\/posts\/571\/revisions"}],"wp:attachment":[{"href":"https:\/\/tv-tregor.com\/web-precedent\/wp-json\/wp\/v2\/media?parent=571"}],"wp:term":[{"taxonomy":"category","embeddable":true,"href":"https:\/\/tv-tregor.com\/web-precedent\/wp-json\/wp\/v2\/categories?post=571"},{"taxonomy":"post_tag","embeddable":true,"href":"https:\/\/tv-tregor.com\/web-precedent\/wp-json\/wp\/v2\/tags?post=571"}],"curies":[{"name":"wp","href":"https:\/\/api.w.org\/{rel}","templated":true}]}}