{"id":566,"date":"2011-09-01T14:17:57","date_gmt":"2011-09-01T13:17:57","guid":{"rendered":"http:\/\/tv-tregor.com\/web-precedent\/2011\/09\/01\/histoire-du-tourisme-sur-la-cote-de-granit-rose-1030\/"},"modified":"2011-09-01T14:17:57","modified_gmt":"2011-09-01T13:17:57","slug":"histoire-du-tourisme-sur-la-cote-de-granit-rose-1030","status":"publish","type":"post","link":"https:\/\/tv-tregor.com\/web-precedent\/2011\/09\/01\/histoire-du-tourisme-sur-la-cote-de-granit-rose-1030\/","title":{"rendered":"Histoire du tourisme sur la C\u00f4te de Granit Rose &#8211; 10&rsquo;30\u00a0\u00bb"},"content":{"rendered":"<p>Histoire du tourisme sur la C\u00f4te de Granit Rose  <a href=\"https:\/\/tv-tregor.com\/web-precedent\/www\/streams\/tourisme-cgr-wmv.html\" title=\"Regarder la video\">Regarder la video<\/a><\/p>\n<p><img decoding=\"async\" src=\"https:\/\/tv-tregor.com\/web-precedent\/IMG\/jpg\/trestraou-g.jpg\" alt=\"trestraou-g.jpg\" align=\"center\" \/>  <\/p>\n<p>  C&rsquo;est la rentr\u00e9e ! On nous le serine \u00e0 longueur de journ\u00e9es. Mais ce n&rsquo;est pas une raison pour oublier ces ch\u00e8res vacances pass\u00e9es au bord de la mer.   On pourrait croire, en voyant nos plages bond\u00e9es l&rsquo;\u00e9t\u00e9, que cet afflux de touristes a toujours exist\u00e9. Il n&rsquo;en est rien, bien s\u00fbr, et tout cela est finalement assez r\u00e9cent.  Pour plonger un peu plus loin dans le souvenir collectif, nous vous proposons cette semaine de prendre la machine \u00e0 remonter le temps. Ce bond en arri\u00e8re de plus d&rsquo;un si\u00e8cle vous permettra de mieux conna\u00eetre l&rsquo;histoire de l&rsquo;av\u00e8nement du tourisme sur la C\u00f4te de Granit Rose.  En ce d\u00e9but septembre, r\u00eavons encore un peu aux vacances &#8230;<\/p>\n","protected":false},"excerpt":{"rendered":"<p>Histoire du tourisme sur la C\u00f4te de Granit Rose <a href=\"https:\/\/tv-tregor.com\/web-precedent\/www\/streams\/tourisme-cgr-wmv.html\" title=\"Regarder la video\">Regarder la video<\/a><\/p>\n<p><img decoding=\"async\" src=\"https:\/\/tv-tregor.com\/web-precedent\/IMG\/jpg\/trestraou-g.jpg\" alt=\"trestraou-g.jpg\" align=\"center\" \/> <\/p>\n<p> C&rsquo;est la rentr\u00e9e ! On nous le serine \u00e0 longueur de journ\u00e9es. Mais ce n&rsquo;est pas  \u2026  <a href=\"https:\/\/tv-tregor.com\/web-precedent\/2011\/09\/01\/histoire-du-tourisme-sur-la-cote-de-granit-rose-1030\/\">&#8230;lire le sujet&#8230; <span class=\"meta-nav\">&rarr; <\/span><\/a><\/p>\n","protected":false},"author":1,"featured_media":0,"comment_status":"open","ping_status":"open","sticky":false,"template":"","format":"standard","meta":{"footnotes":""},"categories":[23],"tags":[],"class_list":["post-566","post","type-post","status-publish","format-standard","hentry","category-patrimoine"],"_links":{"self":[{"href":"https:\/\/tv-tregor.com\/web-precedent\/wp-json\/wp\/v2\/posts\/566","targetHints":{"allow":["GET"]}}],"collection":[{"href":"https:\/\/tv-tregor.com\/web-precedent\/wp-json\/wp\/v2\/posts"}],"about":[{"href":"https:\/\/tv-tregor.com\/web-precedent\/wp-json\/wp\/v2\/types\/post"}],"author":[{"embeddable":true,"href":"https:\/\/tv-tregor.com\/web-precedent\/wp-json\/wp\/v2\/users\/1"}],"replies":[{"embeddable":true,"href":"https:\/\/tv-tregor.com\/web-precedent\/wp-json\/wp\/v2\/comments?post=566"}],"version-history":[{"count":0,"href":"https:\/\/tv-tregor.com\/web-precedent\/wp-json\/wp\/v2\/posts\/566\/revisions"}],"wp:attachment":[{"href":"https:\/\/tv-tregor.com\/web-precedent\/wp-json\/wp\/v2\/media?parent=566"}],"wp:term":[{"taxonomy":"category","embeddable":true,"href":"https:\/\/tv-tregor.com\/web-precedent\/wp-json\/wp\/v2\/categories?post=566"},{"taxonomy":"post_tag","embeddable":true,"href":"https:\/\/tv-tregor.com\/web-precedent\/wp-json\/wp\/v2\/tags?post=566"}],"curies":[{"name":"wp","href":"https:\/\/api.w.org\/{rel}","templated":true}]}}