{"id":562,"date":"2011-06-01T11:12:45","date_gmt":"2011-06-01T10:12:45","guid":{"rendered":"http:\/\/tv-tregor.com\/web-precedent\/2011\/06\/01\/pardon-de-saint-gildas-720\/"},"modified":"2011-06-01T11:12:45","modified_gmt":"2011-06-01T10:12:45","slug":"pardon-de-saint-gildas-720","status":"publish","type":"post","link":"https:\/\/tv-tregor.com\/web-precedent\/2011\/06\/01\/pardon-de-saint-gildas-720\/","title":{"rendered":"Pardon de Saint Gildas &#8211; 7&rsquo;20"},"content":{"rendered":"<p><a href=\"https:\/\/tv-tregor.com\/web-precedent\/www\/streams\/st-gildas-wmv.html\" title=\"Regarder le sujet\">Regarder le sujet<\/a><\/p>\n<p><a href=\"http:\/\/www.tv-tregor.com\/web-precedent\/www\/streams\/st-gildas-wmv.html\" title=\"Regarder le sujet\"><img decoding=\"async\" src=\"https:\/\/tv-tregor.com\/web-precedent\/IMG\/jpg\/st-gildas-2010-2-r.jpg\" alt=\"st-gildas-2010-2-r.jpg\" align=\"center\" \/><\/a> <\/p>\n<p> <BR> <strong>PARDON DE ST GILDAS<\/strong>  Comme chaque ann\u00e9e en d\u00e9but juin, se d\u00e9roule sur la petite \u00eele de Saint Gildas (en Penv\u00e9nan \u00e0 Port-Blanc) la c\u00e9r\u00e9monie traditionnelle du Pardon des chevaux :   travers\u00e9e jusqu&rsquo;\u00e0 l&rsquo;\u00eele \u00e0 mar\u00e9e basse, messe, procession et b\u00e9n\u00e9diction des chevaux au nom de Saint Gildas, protecteur du meilleur ami de l&rsquo;homme.   Une manifestation \u00e0 la fois joyeuse et recueillie, un moment fort, que l&rsquo;on soit croyant ou non.   Voici un reportage de 7 mn sur le Pardon du 13 juin 2010. Bon visionnage <\/p>\n","protected":false},"excerpt":{"rendered":"<p><a href=\"https:\/\/tv-tregor.com\/web-precedent\/www\/streams\/st-gildas-wmv.html\" title=\"Regarder le sujet\">Regarder le sujet<\/a><\/p>\n<p><a href=\"http:\/\/www.tv-tregor.com\/web-precedent\/www\/streams\/st-gildas-wmv.html\" title=\"Regarder le sujet\"><img decoding=\"async\" src=\"https:\/\/tv-tregor.com\/web-precedent\/IMG\/jpg\/st-gildas-2010-2-r.jpg\" alt=\"st-gildas-2010-2-r.jpg\" align=\"center\" \/><\/a> <\/p>\n<p> <BR> <strong>PARDON DE ST GILDAS<\/strong> Comme chaque ann\u00e9e en d\u00e9but juin, se d\u00e9roule sur la petite \u00eele de Saint Gildas (en  \u2026  <a href=\"https:\/\/tv-tregor.com\/web-precedent\/2011\/06\/01\/pardon-de-saint-gildas-720\/\">&#8230;lire le sujet&#8230; <span class=\"meta-nav\">&rarr; <\/span><\/a><\/p>\n","protected":false},"author":1,"featured_media":0,"comment_status":"open","ping_status":"open","sticky":false,"template":"","format":"standard","meta":{"footnotes":""},"categories":[5],"tags":[],"class_list":["post-562","post","type-post","status-publish","format-standard","hentry","category-culture-et-patrimoine"],"_links":{"self":[{"href":"https:\/\/tv-tregor.com\/web-precedent\/wp-json\/wp\/v2\/posts\/562","targetHints":{"allow":["GET"]}}],"collection":[{"href":"https:\/\/tv-tregor.com\/web-precedent\/wp-json\/wp\/v2\/posts"}],"about":[{"href":"https:\/\/tv-tregor.com\/web-precedent\/wp-json\/wp\/v2\/types\/post"}],"author":[{"embeddable":true,"href":"https:\/\/tv-tregor.com\/web-precedent\/wp-json\/wp\/v2\/users\/1"}],"replies":[{"embeddable":true,"href":"https:\/\/tv-tregor.com\/web-precedent\/wp-json\/wp\/v2\/comments?post=562"}],"version-history":[{"count":0,"href":"https:\/\/tv-tregor.com\/web-precedent\/wp-json\/wp\/v2\/posts\/562\/revisions"}],"wp:attachment":[{"href":"https:\/\/tv-tregor.com\/web-precedent\/wp-json\/wp\/v2\/media?parent=562"}],"wp:term":[{"taxonomy":"category","embeddable":true,"href":"https:\/\/tv-tregor.com\/web-precedent\/wp-json\/wp\/v2\/categories?post=562"},{"taxonomy":"post_tag","embeddable":true,"href":"https:\/\/tv-tregor.com\/web-precedent\/wp-json\/wp\/v2\/tags?post=562"}],"curies":[{"name":"wp","href":"https:\/\/api.w.org\/{rel}","templated":true}]}}