{"id":552,"date":"2011-01-19T07:55:00","date_gmt":"2011-01-19T06:55:00","guid":{"rendered":"http:\/\/tv-tregor.com\/web-precedent\/2011\/01\/19\/salons-al-levriou-443\/"},"modified":"2011-01-19T07:55:00","modified_gmt":"2011-01-19T06:55:00","slug":"salons-al-levriou-443","status":"publish","type":"post","link":"https:\/\/tv-tregor.com\/web-precedent\/2011\/01\/19\/salons-al-levriou-443\/","title":{"rendered":"Salons al levriou &#8211; 4&rsquo;43"},"content":{"rendered":"<p><a href=\"https:\/\/tv-tregor.com\/web-precedent\/www\/streams\/salonlivrebreton.html\" title=\"Regarder le sujet\">Regarder la vid\u00e9o <\/a><\/p>\n<p><a href=\"http:\/\/www.tv-tregor.com\/web-precedent\/www\/streams\/salonlivrebreton.html\" title=\"Regarder le sujet\"><img decoding=\"async\" src=\"https:\/\/tv-tregor.com\/web-precedent\/IMG\/jpg\/livreg.jpg\" alt=\"livreg.jpg\" align=\"center\" \/><\/a> <\/p>\n<p> <BR> Le salon du livre de Plestin-les-Gr\u00e8ves fut diff\u00e9rent cette ann\u00e9e&#8230;pour deux choses. Une nouvelle salle et donc plus d&rsquo;espace pour la litt\u00e9rature bretonne.  Ainsi, huit maisons d&rsquo;\u00e9ditions regroup\u00e9es dans le collectif \u00a0\u00bb Kuzul ar Brezhoneg \u00a0\u00bb \u00e9taient pr\u00e9sentes avec plus d&rsquo;une trentaine d&rsquo;ouvrages.  Petit tour d&rsquo;horizon de ces nouvelles parutions.   <\/p>\n","protected":false},"excerpt":{"rendered":"<p><a href=\"https:\/\/tv-tregor.com\/web-precedent\/www\/streams\/salonlivrebreton.html\" title=\"Regarder le sujet\">Regarder la vid\u00e9o <\/a><\/p>\n<p><a href=\"http:\/\/www.tv-tregor.com\/web-precedent\/www\/streams\/salonlivrebreton.html\" title=\"Regarder le sujet\"><img decoding=\"async\" src=\"https:\/\/tv-tregor.com\/web-precedent\/IMG\/jpg\/livreg.jpg\" alt=\"livreg.jpg\" align=\"center\" \/><\/a> <\/p>\n<p> <BR> Le salon du livre de Plestin-les-Gr\u00e8ves fut diff\u00e9rent cette ann\u00e9e&#8230;pour deux choses. Une nouvelle salle et donc plus d&rsquo;espace  \u2026  <a href=\"https:\/\/tv-tregor.com\/web-precedent\/2011\/01\/19\/salons-al-levriou-443\/\">&#8230;lire le sujet&#8230; <span class=\"meta-nav\">&rarr; <\/span><\/a><\/p>\n","protected":false},"author":1,"featured_media":0,"comment_status":"open","ping_status":"open","sticky":false,"template":"","format":"standard","meta":{"footnotes":""},"categories":[5],"tags":[],"class_list":["post-552","post","type-post","status-publish","format-standard","hentry","category-culture-et-patrimoine"],"_links":{"self":[{"href":"https:\/\/tv-tregor.com\/web-precedent\/wp-json\/wp\/v2\/posts\/552","targetHints":{"allow":["GET"]}}],"collection":[{"href":"https:\/\/tv-tregor.com\/web-precedent\/wp-json\/wp\/v2\/posts"}],"about":[{"href":"https:\/\/tv-tregor.com\/web-precedent\/wp-json\/wp\/v2\/types\/post"}],"author":[{"embeddable":true,"href":"https:\/\/tv-tregor.com\/web-precedent\/wp-json\/wp\/v2\/users\/1"}],"replies":[{"embeddable":true,"href":"https:\/\/tv-tregor.com\/web-precedent\/wp-json\/wp\/v2\/comments?post=552"}],"version-history":[{"count":0,"href":"https:\/\/tv-tregor.com\/web-precedent\/wp-json\/wp\/v2\/posts\/552\/revisions"}],"wp:attachment":[{"href":"https:\/\/tv-tregor.com\/web-precedent\/wp-json\/wp\/v2\/media?parent=552"}],"wp:term":[{"taxonomy":"category","embeddable":true,"href":"https:\/\/tv-tregor.com\/web-precedent\/wp-json\/wp\/v2\/categories?post=552"},{"taxonomy":"post_tag","embeddable":true,"href":"https:\/\/tv-tregor.com\/web-precedent\/wp-json\/wp\/v2\/tags?post=552"}],"curies":[{"name":"wp","href":"https:\/\/api.w.org\/{rel}","templated":true}]}}