{"id":549,"date":"2011-01-12T08:00:00","date_gmt":"2011-01-12T07:00:00","guid":{"rendered":"http:\/\/tv-tregor.com\/web-precedent\/2011\/01\/12\/cocktail-cruel-par-yann-verner-5\/"},"modified":"2011-01-12T08:00:00","modified_gmt":"2011-01-12T07:00:00","slug":"cocktail-cruel-par-yann-verner-5","status":"publish","type":"post","link":"https:\/\/tv-tregor.com\/web-precedent\/2011\/01\/12\/cocktail-cruel-par-yann-verner-5\/","title":{"rendered":"\u00ab\u00a0Cocktail Cruel\u00a0\u00bb par Yann Verner &#8211; 5&prime;"},"content":{"rendered":"<p><a href=\"https:\/\/tv-tregor.com\/web-precedent\/www\/streams\/cocktail.html\" title=\"Regarder le sujet\">Regarder la vid\u00e9o <\/a><\/p>\n<p><a href=\"http:\/\/www.tv-tregor.com\/web-precedent\/www\/streams\/cocktail.html\" title=\"Regarder le sujet\"><img decoding=\"async\" src=\"https:\/\/tv-tregor.com\/web-precedent\/IMG\/jpg\/yannvenner2g.jpg\" alt=\"yannvenner2g.jpg\" align=\"center\" \/><\/a> <\/p>\n<p> <BR>  Dans son nouveau roman, l&rsquo;ancien instituteur quitte un peu les rivages costarmoricains pour les vignobles de la Bourgogne. Entre cin\u00e9ma, vin et algues, l&rsquo;intrigue bien ficel\u00e9e est ponctu\u00e9e d&rsquo;une verbe drolatique et noire. Car son \u00e9criture est pour lui une qu\u00eate, voire une enqu\u00eate, et le roman policier, un pr\u00e9texte.   Et apr\u00e8s la cause des Sans Papiers dans <em>\u00a0\u00bb Lumi\u00e8re pour les Oubli\u00e9s \u00ab\u00a0<\/em>, Yann Venner s&rsquo;attaque aux algues vertes, un  bon moyen de mettre en exergue les probl\u00e8mes actuels.  Entretien avec l&rsquo;\u00e9crivain<\/p>\n","protected":false},"excerpt":{"rendered":"<p><a href=\"https:\/\/tv-tregor.com\/web-precedent\/www\/streams\/cocktail.html\" title=\"Regarder le sujet\">Regarder la vid\u00e9o <\/a><\/p>\n<p><a href=\"http:\/\/www.tv-tregor.com\/web-precedent\/www\/streams\/cocktail.html\" title=\"Regarder le sujet\"><img decoding=\"async\" src=\"https:\/\/tv-tregor.com\/web-precedent\/IMG\/jpg\/yannvenner2g.jpg\" alt=\"yannvenner2g.jpg\" align=\"center\" \/><\/a> <\/p>\n<p> <BR> Dans son nouveau roman, l&rsquo;ancien instituteur quitte un peu les rivages costarmoricains pour les vignobles de la Bourgogne. Entre  \u2026  <a href=\"https:\/\/tv-tregor.com\/web-precedent\/2011\/01\/12\/cocktail-cruel-par-yann-verner-5\/\">&#8230;lire le sujet&#8230; <span class=\"meta-nav\">&rarr; <\/span><\/a><\/p>\n","protected":false},"author":1,"featured_media":0,"comment_status":"open","ping_status":"open","sticky":false,"template":"","format":"standard","meta":{"footnotes":""},"categories":[17],"tags":[],"class_list":["post-549","post","type-post","status-publish","format-standard","hentry","category-loisirs"],"_links":{"self":[{"href":"https:\/\/tv-tregor.com\/web-precedent\/wp-json\/wp\/v2\/posts\/549","targetHints":{"allow":["GET"]}}],"collection":[{"href":"https:\/\/tv-tregor.com\/web-precedent\/wp-json\/wp\/v2\/posts"}],"about":[{"href":"https:\/\/tv-tregor.com\/web-precedent\/wp-json\/wp\/v2\/types\/post"}],"author":[{"embeddable":true,"href":"https:\/\/tv-tregor.com\/web-precedent\/wp-json\/wp\/v2\/users\/1"}],"replies":[{"embeddable":true,"href":"https:\/\/tv-tregor.com\/web-precedent\/wp-json\/wp\/v2\/comments?post=549"}],"version-history":[{"count":0,"href":"https:\/\/tv-tregor.com\/web-precedent\/wp-json\/wp\/v2\/posts\/549\/revisions"}],"wp:attachment":[{"href":"https:\/\/tv-tregor.com\/web-precedent\/wp-json\/wp\/v2\/media?parent=549"}],"wp:term":[{"taxonomy":"category","embeddable":true,"href":"https:\/\/tv-tregor.com\/web-precedent\/wp-json\/wp\/v2\/categories?post=549"},{"taxonomy":"post_tag","embeddable":true,"href":"https:\/\/tv-tregor.com\/web-precedent\/wp-json\/wp\/v2\/tags?post=549"}],"curies":[{"name":"wp","href":"https:\/\/api.w.org\/{rel}","templated":true}]}}