{"id":545,"date":"2010-12-14T15:50:00","date_gmt":"2010-12-14T14:50:00","guid":{"rendered":"http:\/\/tv-tregor.com\/web-precedent\/2010\/12\/14\/salon-du-livre-les-terroirs-de-bretagne-253\/"},"modified":"2010-12-14T15:50:00","modified_gmt":"2010-12-14T14:50:00","slug":"salon-du-livre-les-terroirs-de-bretagne-253","status":"publish","type":"post","link":"https:\/\/tv-tregor.com\/web-precedent\/2010\/12\/14\/salon-du-livre-les-terroirs-de-bretagne-253\/","title":{"rendered":"Salon du Livre \u00a0\u00bb les Terroirs de Bretagne \u00a0\u00bb &#8211; 2&rsquo;53"},"content":{"rendered":"<p><a href=\"https:\/\/tv-tregor.com\/web-precedent\/www\/streams\/salonlivre.html\" title=\"Regarder le sujet\">Regarder la vid\u00e9o <\/a><\/p>\n<p><a href=\"http:\/\/www.tv-tregor.com\/web-precedent\/www\/streams\/salonlivre.html\" title=\"Regarder le sujet\"><img decoding=\"async\" src=\"https:\/\/tv-tregor.com\/web-precedent\/IMG\/jpg\/salonlivreg.jpg\" alt=\"salonlivreg.jpg\" align=\"center\" \/><\/a> <\/p>\n<p> <BR>  Dimanche 12 novembre dernier, \u00e0 Plestin-les-Gr\u00e8ves se tenait la dixi\u00e8me \u00e9dition du Salon du Livre, \u00a0\u00bb <em>Les Terroirs de Bretagne<\/em> \u00ab\u00a0.  L&rsquo;occasion pour les visiteurs de d\u00e9couvrir les nouvelles sorties litt\u00e9raires et leurs auteurs&#8230; avec en prime, une premi\u00e8re dans le nouvel espace culturel de Plestin-les-Gr\u00e8ves.   Retour sur l&rsquo;\u00e9v\u00e8nement avec S\u00e9batien Dubois et Pierre Lavanant.  <\/p>\n","protected":false},"excerpt":{"rendered":"<p><a href=\"https:\/\/tv-tregor.com\/web-precedent\/www\/streams\/salonlivre.html\" title=\"Regarder le sujet\">Regarder la vid\u00e9o <\/a><\/p>\n<p><a href=\"http:\/\/www.tv-tregor.com\/web-precedent\/www\/streams\/salonlivre.html\" title=\"Regarder le sujet\"><img decoding=\"async\" src=\"https:\/\/tv-tregor.com\/web-precedent\/IMG\/jpg\/salonlivreg.jpg\" alt=\"salonlivreg.jpg\" align=\"center\" \/><\/a> <\/p>\n<p> <BR> Dimanche 12 novembre dernier, \u00e0 Plestin-les-Gr\u00e8ves se tenait la dixi\u00e8me \u00e9dition du Salon du Livre, \u00a0\u00bb <em>Les Terroirs de  \u2026  <a href=\"https:\/\/tv-tregor.com\/web-precedent\/2010\/12\/14\/salon-du-livre-les-terroirs-de-bretagne-253\/\">&#8230;lire le sujet&#8230; <span class=\"meta-nav\">&rarr; <\/span><\/a><\/p>\n","protected":false},"author":1,"featured_media":0,"comment_status":"open","ping_status":"open","sticky":false,"template":"","format":"standard","meta":{"footnotes":""},"categories":[14],"tags":[],"class_list":["post-545","post","type-post","status-publish","format-standard","hentry","category-culture"],"_links":{"self":[{"href":"https:\/\/tv-tregor.com\/web-precedent\/wp-json\/wp\/v2\/posts\/545","targetHints":{"allow":["GET"]}}],"collection":[{"href":"https:\/\/tv-tregor.com\/web-precedent\/wp-json\/wp\/v2\/posts"}],"about":[{"href":"https:\/\/tv-tregor.com\/web-precedent\/wp-json\/wp\/v2\/types\/post"}],"author":[{"embeddable":true,"href":"https:\/\/tv-tregor.com\/web-precedent\/wp-json\/wp\/v2\/users\/1"}],"replies":[{"embeddable":true,"href":"https:\/\/tv-tregor.com\/web-precedent\/wp-json\/wp\/v2\/comments?post=545"}],"version-history":[{"count":0,"href":"https:\/\/tv-tregor.com\/web-precedent\/wp-json\/wp\/v2\/posts\/545\/revisions"}],"wp:attachment":[{"href":"https:\/\/tv-tregor.com\/web-precedent\/wp-json\/wp\/v2\/media?parent=545"}],"wp:term":[{"taxonomy":"category","embeddable":true,"href":"https:\/\/tv-tregor.com\/web-precedent\/wp-json\/wp\/v2\/categories?post=545"},{"taxonomy":"post_tag","embeddable":true,"href":"https:\/\/tv-tregor.com\/web-precedent\/wp-json\/wp\/v2\/tags?post=545"}],"curies":[{"name":"wp","href":"https:\/\/api.w.org\/{rel}","templated":true}]}}