{"id":543,"date":"2010-12-14T16:00:00","date_gmt":"2010-12-14T15:00:00","guid":{"rendered":"http:\/\/tv-tregor.com\/web-precedent\/2010\/12\/14\/anne-le-bail-luthiere-317\/"},"modified":"2010-12-14T16:00:00","modified_gmt":"2010-12-14T15:00:00","slug":"anne-le-bail-luthiere-317","status":"publish","type":"post","link":"https:\/\/tv-tregor.com\/web-precedent\/2010\/12\/14\/anne-le-bail-luthiere-317\/","title":{"rendered":"Anne Le Bail, luthi\u00e8re &#8211; 3&rsquo;17"},"content":{"rendered":"<p><a href=\"https:\/\/tv-tregor.com\/web-precedent\/www\/streams\/annelebail.html\" title=\"Regarder le sujet\">Regarder la vid\u00e9o <\/a><\/p>\n<p><a href=\"http:\/\/www.tv-tregor.com\/web-precedent\/www\/streams\/annelebail.html\" title=\"Regarder le sujet\"><img decoding=\"async\" src=\"https:\/\/tv-tregor.com\/web-precedent\/IMG\/jpg\/annelebailg.jpg\" alt=\"annelebailg.jpg\" align=\"center\" \/><\/a> <\/p>\n<p> <BR>  Depuis son plus jeune \u00e2ge, Anne Le Bail joue du violoncelle. Avec les ann\u00e9e, la jeune femme a voulu savoir comment fonctionnait son instrument.   Elle int\u00e8gre donc l&rsquo;\u00e9cole de lutherie de Newark pendant trois ann\u00e9es o\u00f9 elle se forme et obtient son dipl\u00f4me. Apr\u00e8s deux ans chez Arezzo \u00e0 Toulouse comme assitante luthier, elle s&rsquo;installe \u00e0 Penvenan en 2009.  Ainsi, fabrications, r\u00e9parations, r\u00e9glages sont son lot quotidien.  Entretien.<\/p>\n","protected":false},"excerpt":{"rendered":"<p><a href=\"https:\/\/tv-tregor.com\/web-precedent\/www\/streams\/annelebail.html\" title=\"Regarder le sujet\">Regarder la vid\u00e9o <\/a><\/p>\n<p><a href=\"http:\/\/www.tv-tregor.com\/web-precedent\/www\/streams\/annelebail.html\" title=\"Regarder le sujet\"><img decoding=\"async\" src=\"https:\/\/tv-tregor.com\/web-precedent\/IMG\/jpg\/annelebailg.jpg\" alt=\"annelebailg.jpg\" align=\"center\" \/><\/a> <\/p>\n<p> <BR> Depuis son plus jeune \u00e2ge, Anne Le Bail joue du violoncelle. Avec les ann\u00e9e, la jeune femme a voulu  \u2026  <a href=\"https:\/\/tv-tregor.com\/web-precedent\/2010\/12\/14\/anne-le-bail-luthiere-317\/\">&#8230;lire le sujet&#8230; <span class=\"meta-nav\">&rarr; <\/span><\/a><\/p>\n","protected":false},"author":1,"featured_media":0,"comment_status":"open","ping_status":"open","sticky":false,"template":"","format":"standard","meta":{"footnotes":""},"categories":[55],"tags":[],"class_list":["post-543","post","type-post","status-publish","format-standard","hentry","category-portraits"],"_links":{"self":[{"href":"https:\/\/tv-tregor.com\/web-precedent\/wp-json\/wp\/v2\/posts\/543","targetHints":{"allow":["GET"]}}],"collection":[{"href":"https:\/\/tv-tregor.com\/web-precedent\/wp-json\/wp\/v2\/posts"}],"about":[{"href":"https:\/\/tv-tregor.com\/web-precedent\/wp-json\/wp\/v2\/types\/post"}],"author":[{"embeddable":true,"href":"https:\/\/tv-tregor.com\/web-precedent\/wp-json\/wp\/v2\/users\/1"}],"replies":[{"embeddable":true,"href":"https:\/\/tv-tregor.com\/web-precedent\/wp-json\/wp\/v2\/comments?post=543"}],"version-history":[{"count":0,"href":"https:\/\/tv-tregor.com\/web-precedent\/wp-json\/wp\/v2\/posts\/543\/revisions"}],"wp:attachment":[{"href":"https:\/\/tv-tregor.com\/web-precedent\/wp-json\/wp\/v2\/media?parent=543"}],"wp:term":[{"taxonomy":"category","embeddable":true,"href":"https:\/\/tv-tregor.com\/web-precedent\/wp-json\/wp\/v2\/categories?post=543"},{"taxonomy":"post_tag","embeddable":true,"href":"https:\/\/tv-tregor.com\/web-precedent\/wp-json\/wp\/v2\/tags?post=543"}],"curies":[{"name":"wp","href":"https:\/\/api.w.org\/{rel}","templated":true}]}}