{"id":541,"date":"2010-12-08T07:55:00","date_gmt":"2010-12-08T06:55:00","guid":{"rendered":"http:\/\/tv-tregor.com\/web-precedent\/2010\/12\/08\/la-neige-au-rendez-vous-a-pommerit-jaudy-2\/"},"modified":"2010-12-08T07:55:00","modified_gmt":"2010-12-08T06:55:00","slug":"la-neige-au-rendez-vous-a-pommerit-jaudy-2","status":"publish","type":"post","link":"https:\/\/tv-tregor.com\/web-precedent\/2010\/12\/08\/la-neige-au-rendez-vous-a-pommerit-jaudy-2\/","title":{"rendered":"La neige au rendez-vous \u00e0 Pommerit-Jaudy &#8211; 2&prime;"},"content":{"rendered":"<p><a href=\"https:\/\/tv-tregor.com\/web-precedent\/www\/streams\/neige.html\" title=\"Regarder le sujet\">Regarder la vid\u00e9o <\/a><\/p>\n<p><a href=\"http:\/\/www.tv-tregor.com\/web-precedent\/www\/streams\/neige.html\" title=\"Regarder le sujet\"><img decoding=\"async\" src=\"https:\/\/tv-tregor.com\/web-precedent\/IMG\/jpg\/neigeg.jpg\" alt=\"neigeg.jpg\" align=\"center\" \/><\/a> <\/p>\n<p> <BR>  De m\u00e9moire de tr\u00e9gorrois, un \u00e9pisode neigeux de cet ampleur n&rsquo;avait pas \u00e9t\u00e9  v\u00e9cu depuis &#8230; nombreuses ann\u00e9es!  Entre 15 et 30 cm de neige par endroit&#8230; Circulation bloqu\u00e9e, b\u00e2timents \u00e9vacu\u00e9s, pas d&rsquo;\u00e9lectricit\u00e9 pour certain.   Durant trois jours, la nature a repris ses droits.   T\u00e9moignages \u00e0 Pommerit &#8211; Jaudy<\/p>\n","protected":false},"excerpt":{"rendered":"<p><a href=\"https:\/\/tv-tregor.com\/web-precedent\/www\/streams\/neige.html\" title=\"Regarder le sujet\">Regarder la vid\u00e9o <\/a><\/p>\n<p><a href=\"http:\/\/www.tv-tregor.com\/web-precedent\/www\/streams\/neige.html\" title=\"Regarder le sujet\"><img decoding=\"async\" src=\"https:\/\/tv-tregor.com\/web-precedent\/IMG\/jpg\/neigeg.jpg\" alt=\"neigeg.jpg\" align=\"center\" \/><\/a> <\/p>\n<p> <BR> De m\u00e9moire de tr\u00e9gorrois, un \u00e9pisode neigeux de cet ampleur n&rsquo;avait pas \u00e9t\u00e9 v\u00e9cu depuis &#8230; nombreuses ann\u00e9es! Entre  \u2026  <a href=\"https:\/\/tv-tregor.com\/web-precedent\/2010\/12\/08\/la-neige-au-rendez-vous-a-pommerit-jaudy-2\/\">&#8230;lire le sujet&#8230; <span class=\"meta-nav\">&rarr; <\/span><\/a><\/p>\n","protected":false},"author":1,"featured_media":0,"comment_status":"open","ping_status":"open","sticky":false,"template":"","format":"standard","meta":{"footnotes":""},"categories":[2],"tags":[],"class_list":["post-541","post","type-post","status-publish","format-standard","hentry","category-info-locale"],"_links":{"self":[{"href":"https:\/\/tv-tregor.com\/web-precedent\/wp-json\/wp\/v2\/posts\/541","targetHints":{"allow":["GET"]}}],"collection":[{"href":"https:\/\/tv-tregor.com\/web-precedent\/wp-json\/wp\/v2\/posts"}],"about":[{"href":"https:\/\/tv-tregor.com\/web-precedent\/wp-json\/wp\/v2\/types\/post"}],"author":[{"embeddable":true,"href":"https:\/\/tv-tregor.com\/web-precedent\/wp-json\/wp\/v2\/users\/1"}],"replies":[{"embeddable":true,"href":"https:\/\/tv-tregor.com\/web-precedent\/wp-json\/wp\/v2\/comments?post=541"}],"version-history":[{"count":0,"href":"https:\/\/tv-tregor.com\/web-precedent\/wp-json\/wp\/v2\/posts\/541\/revisions"}],"wp:attachment":[{"href":"https:\/\/tv-tregor.com\/web-precedent\/wp-json\/wp\/v2\/media?parent=541"}],"wp:term":[{"taxonomy":"category","embeddable":true,"href":"https:\/\/tv-tregor.com\/web-precedent\/wp-json\/wp\/v2\/categories?post=541"},{"taxonomy":"post_tag","embeddable":true,"href":"https:\/\/tv-tregor.com\/web-precedent\/wp-json\/wp\/v2\/tags?post=541"}],"curies":[{"name":"wp","href":"https:\/\/api.w.org\/{rel}","templated":true}]}}