{"id":537,"date":"2010-11-24T08:00:00","date_gmt":"2010-11-24T07:00:00","guid":{"rendered":"http:\/\/tv-tregor.com\/web-precedent\/2010\/11\/24\/la-journee-des-dys-646\/"},"modified":"2010-11-24T08:00:00","modified_gmt":"2010-11-24T07:00:00","slug":"la-journee-des-dys-646","status":"publish","type":"post","link":"https:\/\/tv-tregor.com\/web-precedent\/2010\/11\/24\/la-journee-des-dys-646\/","title":{"rendered":"La journ\u00e9e des \u00ab\u00a0DYS\u00a0\u00bb &#8211; 6&rsquo;46"},"content":{"rendered":"<p><a href=\"https:\/\/tv-tregor.com\/web-precedent\/www\/streams\/dys.html\" title=\"Regarder le sujet\">Regarder la vid\u00e9o <\/a><\/p>\n<p><a href=\"http:\/\/www.tv-tregor.com\/web-precedent\/www\/streams\/dys.html\" title=\"Regarder le sujet\"><img decoding=\"async\" src=\"https:\/\/tv-tregor.com\/web-precedent\/IMG\/jpg\/dysg.jpg\" alt=\"dysg.jpg\" align=\"center\" \/><\/a> <\/p>\n<p> <BR>  Pour la 4\u00e8me \u00e9dition de la Journ\u00e9e nationale des \u00ab\u00a0Dys\u00a0\u00bb, les associations costarmoricaines, les professionnels de la sant\u00e9, les \u00e9ducateurs, les parents se sont r\u00e9unis autour de la question de ces troubles des apprentissages.  Retour sur la journ\u00e9e avec Fabrice Depil<\/p>\n","protected":false},"excerpt":{"rendered":"<p><a href=\"https:\/\/tv-tregor.com\/web-precedent\/www\/streams\/dys.html\" title=\"Regarder le sujet\">Regarder la vid\u00e9o <\/a><\/p>\n<p><a href=\"http:\/\/www.tv-tregor.com\/web-precedent\/www\/streams\/dys.html\" title=\"Regarder le sujet\"><img decoding=\"async\" src=\"https:\/\/tv-tregor.com\/web-precedent\/IMG\/jpg\/dysg.jpg\" alt=\"dysg.jpg\" align=\"center\" \/><\/a> <\/p>\n<p> <BR> Pour la 4\u00e8me \u00e9dition de la Journ\u00e9e nationale des \u00ab\u00a0Dys\u00a0\u00bb, les associations costarmoricaines, les professionnels de la sant\u00e9, les  \u2026  <a href=\"https:\/\/tv-tregor.com\/web-precedent\/2010\/11\/24\/la-journee-des-dys-646\/\">&#8230;lire le sujet&#8230; <span class=\"meta-nav\">&rarr; <\/span><\/a><\/p>\n","protected":false},"author":1,"featured_media":0,"comment_status":"open","ping_status":"open","sticky":false,"template":"","format":"standard","meta":{"footnotes":""},"categories":[2],"tags":[],"class_list":["post-537","post","type-post","status-publish","format-standard","hentry","category-info-locale"],"_links":{"self":[{"href":"https:\/\/tv-tregor.com\/web-precedent\/wp-json\/wp\/v2\/posts\/537","targetHints":{"allow":["GET"]}}],"collection":[{"href":"https:\/\/tv-tregor.com\/web-precedent\/wp-json\/wp\/v2\/posts"}],"about":[{"href":"https:\/\/tv-tregor.com\/web-precedent\/wp-json\/wp\/v2\/types\/post"}],"author":[{"embeddable":true,"href":"https:\/\/tv-tregor.com\/web-precedent\/wp-json\/wp\/v2\/users\/1"}],"replies":[{"embeddable":true,"href":"https:\/\/tv-tregor.com\/web-precedent\/wp-json\/wp\/v2\/comments?post=537"}],"version-history":[{"count":0,"href":"https:\/\/tv-tregor.com\/web-precedent\/wp-json\/wp\/v2\/posts\/537\/revisions"}],"wp:attachment":[{"href":"https:\/\/tv-tregor.com\/web-precedent\/wp-json\/wp\/v2\/media?parent=537"}],"wp:term":[{"taxonomy":"category","embeddable":true,"href":"https:\/\/tv-tregor.com\/web-precedent\/wp-json\/wp\/v2\/categories?post=537"},{"taxonomy":"post_tag","embeddable":true,"href":"https:\/\/tv-tregor.com\/web-precedent\/wp-json\/wp\/v2\/tags?post=537"}],"curies":[{"name":"wp","href":"https:\/\/api.w.org\/{rel}","templated":true}]}}